{"id":10938,"date":"2018-10-02T11:57:30","date_gmt":"2018-10-02T14:57:30","guid":{"rendered":"http:\/\/www.portalalerta.com.br\/?p=10938"},"modified":"2018-10-02T11:57:30","modified_gmt":"2018-10-02T14:57:30","slug":"preso-lider-do-trafico-de-pe-que-se-passava-por-pastor-e-empresario-na-ba","status":"publish","type":"post","link":"https:\/\/www.portalalerta.com.br\/index.php\/2018\/10\/02\/preso-lider-do-trafico-de-pe-que-se-passava-por-pastor-e-empresario-na-ba\/","title":{"rendered":"Preso l\u00edder do tr\u00e1fico de PE que se passava por pastor e empres\u00e1rio na BA"},"content":{"rendered":"<p style=\"text-align: justify;\">Alexandre de Mendon\u00e7a tinha tr\u00eas mandados de pris\u00e3o em aberto por venda de drogas, homic\u00eddios e roubos<!--more--><\/p>\n<p style=\"text-align: justify;\">Alexandre de Mendon\u00e7a da Silva Filho, de 33 anos, suspeito de liderar o tr\u00e1fico de drogas na cidade de Limoeiro, em Pernambuco, foi preso\u00a0na noite do\u00a0s\u00e1bado, 29, em Lauro de Freitas, localizado na Regi\u00e3o Metropolitana de Salvador (RMS). \u00a0A informa\u00e7\u00e3o foi divulgada pela Pol\u00edcia Civil, nesta segunda-feira, 1\u00ba.<\/p>\n<p style=\"text-align: justify;\"><img fetchpriority=\"high\" decoding=\"async\" class=\"size-thumbnail wp-image-9568 alignleft\" src=\"http:\/\/www.portalalerta.com.br\/wp-content\/uploads\/2018\/08\/Real-Estilo-320x240.jpeg\" alt=\"\" width=\"320\" height=\"240\" srcset=\"https:\/\/www.portalalerta.com.br\/wp-content\/uploads\/2018\/08\/Real-Estilo-320x240.jpeg 320w, https:\/\/www.portalalerta.com.br\/wp-content\/uploads\/2018\/08\/Real-Estilo-195x146.jpeg 195w, https:\/\/www.portalalerta.com.br\/wp-content\/uploads\/2018\/08\/Real-Estilo-50x38.jpeg 50w, https:\/\/www.portalalerta.com.br\/wp-content\/uploads\/2018\/08\/Real-Estilo-100x75.jpeg 100w, https:\/\/www.portalalerta.com.br\/wp-content\/uploads\/2018\/08\/Real-Estilo.jpeg 400w\" sizes=\"(max-width: 320px) 100vw, 320px\" \/>De acordo com a Secretaria de\u00a0Seguran\u00e7a P\u00fablica (SSP-BA), Alexandre de Mendon\u00e7a\u00a0atuava como pastor e empres\u00e1rio no munic\u00edpio baiano.\u00a0Ele ainda mantinha uma empresa de entrega de pizzas.<\/p>\n<p style=\"text-align: justify;\">O suspeito possu\u00eda\u00a0tr\u00eas mandados de pris\u00e3o em aberto pela pol\u00edcia de Pernambuco\u00a0por envolvimento com vendas de entorpecentes, homic\u00eddios e roubo.<\/p>\n<p style=\"text-align: justify;\">Alexandre de Mendon\u00e7a\u00a0foi detido durante culto na Igreja Batista Po\u00e7o de Jac\u00f3, ap\u00f3s\u00a0policiais civis montaram campana no \u00faltimo s\u00e1bado.\u00a0Ele\u00a0foi encaminhado para o\u00a0estado pernambucano.<\/p>\n<p style=\"text-align: justify;\"><em>Fonte: A Tarde<\/em><\/p>\n","protected":false},"excerpt":{"rendered":"<p>Alexandre de Mendon\u00e7a tinha tr\u00eas mandados de pris\u00e3o em aberto por venda de drogas, homic\u00eddios e roubos<\/p>\n","protected":false},"author":2,"featured_media":10939,"comment_status":"open","ping_status":"open","sticky":false,"template":"","format":"standard","meta":{"om_disable_all_campaigns":false,"_monsterinsights_skip_tracking":false,"_monsterinsights_sitenote_active":false,"_monsterinsights_sitenote_note":"","_monsterinsights_sitenote_category":0,"footnotes":""},"categories":[33,34,70,69,22],"tags":[54,1553,1646,455,122,77,197,76],"class_list":["post-10938","post","type-post","status-publish","format-standard","has-post-thumbnail","hentry","category-bahia","category-brasil","category-destaques","category-noticias2","category-seguranca","tag-bahia","tag-lauro-de-freitas","tag-limoeiro","tag-pernambuco","tag-policia-civil","tag-preso","tag-traficante","tag-trafico-de-drogas"],"aioseo_notices":[],"_links":{"self":[{"href":"https:\/\/www.portalalerta.com.br\/index.php\/wp-json\/wp\/v2\/posts\/10938","targetHints":{"allow":["GET"]}}],"collection":[{"href":"https:\/\/www.portalalerta.com.br\/index.php\/wp-json\/wp\/v2\/posts"}],"about":[{"href":"https:\/\/www.portalalerta.com.br\/index.php\/wp-json\/wp\/v2\/types\/post"}],"author":[{"embeddable":true,"href":"https:\/\/www.portalalerta.com.br\/index.php\/wp-json\/wp\/v2\/users\/2"}],"replies":[{"embeddable":true,"href":"https:\/\/www.portalalerta.com.br\/index.php\/wp-json\/wp\/v2\/comments?post=10938"}],"version-history":[{"count":0,"href":"https:\/\/www.portalalerta.com.br\/index.php\/wp-json\/wp\/v2\/posts\/10938\/revisions"}],"wp:featuredmedia":[{"embeddable":true,"href":"https:\/\/www.portalalerta.com.br\/index.php\/wp-json\/wp\/v2\/media\/10939"}],"wp:attachment":[{"href":"https:\/\/www.portalalerta.com.br\/index.php\/wp-json\/wp\/v2\/media?parent=10938"}],"wp:term":[{"taxonomy":"category","embeddable":true,"href":"https:\/\/www.portalalerta.com.br\/index.php\/wp-json\/wp\/v2\/categories?post=10938"},{"taxonomy":"post_tag","embeddable":true,"href":"https:\/\/www.portalalerta.com.br\/index.php\/wp-json\/wp\/v2\/tags?post=10938"}],"curies":[{"name":"wp","href":"https:\/\/api.w.org\/{rel}","templated":true}]}}