{"id":10941,"date":"2018-10-02T12:09:27","date_gmt":"2018-10-02T15:09:27","guid":{"rendered":"http:\/\/www.portalalerta.com.br\/?p=10941"},"modified":"2018-10-02T12:09:27","modified_gmt":"2018-10-02T15:09:27","slug":"militar-do-exercito-e-flagrado-com-arma-e-drogas-em-feira-de-santana-ba","status":"publish","type":"post","link":"https:\/\/www.portalalerta.com.br\/index.php\/2018\/10\/02\/militar-do-exercito-e-flagrado-com-arma-e-drogas-em-feira-de-santana-ba\/","title":{"rendered":"Militar do Ex\u00e9rcito \u00e9 flagrado com arma e drogas em Feira de Santana-BA"},"content":{"rendered":"<p style=\"text-align: justify;\">Um recruta do Ex\u00e9rcito Brasileiro foi preso em flagrante por volta das 20h da \u00faltima segunda-feira, 1\u00ba, ap\u00f3s ser abordado por policiais militares da Rondesp Leste, no bairro Rocinha, em Feira de Santana-BA. Ele pagou fian\u00e7a e foi liberado, por\u00e9m foi expulso do Ex\u00e9rcito.<!--more--><\/p>\n<p style=\"text-align: justify;\"><img fetchpriority=\"high\" decoding=\"async\" class=\"size-full wp-image-2902 alignleft\" src=\"http:\/\/www.portalalerta.com.br\/wp-content\/uploads\/2017\/11\/elab-2.jpg\" alt=\"\" width=\"310\" height=\"200\" srcset=\"https:\/\/www.portalalerta.com.br\/wp-content\/uploads\/2017\/11\/elab-2.jpg 310w, https:\/\/www.portalalerta.com.br\/wp-content\/uploads\/2017\/11\/elab-2-226x146.jpg 226w, https:\/\/www.portalalerta.com.br\/wp-content\/uploads\/2017\/11\/elab-2-50x32.jpg 50w, https:\/\/www.portalalerta.com.br\/wp-content\/uploads\/2017\/11\/elab-2-116x75.jpg 116w\" sizes=\"(max-width: 310px) 100vw, 310px\" \/>Segundo a pol\u00edcia, o Centro Integrado de Comunica\u00e7\u00e3o (Cicom 190) recebeu a den\u00fancia de que havia homens em um ve\u00edculo Fox preto disparando tiros em via p\u00fablica enquanto trafegavam pelo bairro.<\/p>\n<p style=\"text-align: justify;\">Os policiais realizaram dilig\u00eancias e abordaram o suspeito. No ve\u00edculo foi encontrado um rev\u00f3lver calibre 38, com duas muni\u00e7\u00f5es deflagradas e duas intactas. Tamb\u00e9m foi encontrado um saco branco com maconha e dois celulares.<\/p>\n<p style=\"text-align: justify;\">O recruta foi conduzido \u00e0 Central de Flagrante para a ado\u00e7\u00e3o das medidas cab\u00edveis. O nome dele n\u00e3o foi divulgado.<\/p>\n<p><img decoding=\"async\" class=\"size-full wp-image-10942 aligncenter\" src=\"http:\/\/www.portalalerta.com.br\/wp-content\/uploads\/2018\/10\/Tr\u00e1fico-de-drogas-em-Feira-de-Santana-2018.3.jpg\" alt=\"\" width=\"300\" height=\"200\" srcset=\"https:\/\/www.portalalerta.com.br\/wp-content\/uploads\/2018\/10\/Tr\u00e1fico-de-drogas-em-Feira-de-Santana-2018.3.jpg 300w, https:\/\/www.portalalerta.com.br\/wp-content\/uploads\/2018\/10\/Tr\u00e1fico-de-drogas-em-Feira-de-Santana-2018.3-219x146.jpg 219w, https:\/\/www.portalalerta.com.br\/wp-content\/uploads\/2018\/10\/Tr\u00e1fico-de-drogas-em-Feira-de-Santana-2018.3-50x33.jpg 50w, https:\/\/www.portalalerta.com.br\/wp-content\/uploads\/2018\/10\/Tr\u00e1fico-de-drogas-em-Feira-de-Santana-2018.3-113x75.jpg 113w\" sizes=\"(max-width: 300px) 100vw, 300px\" \/><\/p>\n<p style=\"text-align: justify;\"><em>Fonte: R\u00e1dio Povo<\/em><\/p>\n<p style=\"text-align: justify;\"><em>Com informa\u00e7\u00f5es: Acorda Cidade<\/em><\/p>\n","protected":false},"excerpt":{"rendered":"<p>Um recruta do Ex\u00e9rcito Brasileiro foi preso em flagrante por volta das 20h da \u00faltima segunda-feira, 1\u00ba, ap\u00f3s ser abordado por policiais militares da Rondesp Leste, no bairro Rocinha, em Feira de Santana-BA. Ele pagou fian\u00e7a e foi liberado, por\u00e9m foi expulso do Ex\u00e9rcito.<\/p>\n","protected":false},"author":2,"featured_media":10943,"comment_status":"open","ping_status":"open","sticky":false,"template":"","format":"standard","meta":{"om_disable_all_campaigns":false,"_monsterinsights_skip_tracking":false,"_monsterinsights_sitenote_active":false,"_monsterinsights_sitenote_note":"","_monsterinsights_sitenote_category":0,"footnotes":""},"categories":[33,70,69,22],"tags":[583,377,79,83,201,76],"class_list":["post-10941","post","type-post","status-publish","format-standard","has-post-thumbnail","hentry","category-bahia","category-destaques","category-noticias2","category-seguranca","tag-exercito","tag-feira-de-santana","tag-policia-militar","tag-porte-ilegal-de-arma-de-fogo","tag-rondesp","tag-trafico-de-drogas"],"aioseo_notices":[],"_links":{"self":[{"href":"https:\/\/www.portalalerta.com.br\/index.php\/wp-json\/wp\/v2\/posts\/10941","targetHints":{"allow":["GET"]}}],"collection":[{"href":"https:\/\/www.portalalerta.com.br\/index.php\/wp-json\/wp\/v2\/posts"}],"about":[{"href":"https:\/\/www.portalalerta.com.br\/index.php\/wp-json\/wp\/v2\/types\/post"}],"author":[{"embeddable":true,"href":"https:\/\/www.portalalerta.com.br\/index.php\/wp-json\/wp\/v2\/users\/2"}],"replies":[{"embeddable":true,"href":"https:\/\/www.portalalerta.com.br\/index.php\/wp-json\/wp\/v2\/comments?post=10941"}],"version-history":[{"count":0,"href":"https:\/\/www.portalalerta.com.br\/index.php\/wp-json\/wp\/v2\/posts\/10941\/revisions"}],"wp:featuredmedia":[{"embeddable":true,"href":"https:\/\/www.portalalerta.com.br\/index.php\/wp-json\/wp\/v2\/media\/10943"}],"wp:attachment":[{"href":"https:\/\/www.portalalerta.com.br\/index.php\/wp-json\/wp\/v2\/media?parent=10941"}],"wp:term":[{"taxonomy":"category","embeddable":true,"href":"https:\/\/www.portalalerta.com.br\/index.php\/wp-json\/wp\/v2\/categories?post=10941"},{"taxonomy":"post_tag","embeddable":true,"href":"https:\/\/www.portalalerta.com.br\/index.php\/wp-json\/wp\/v2\/tags?post=10941"}],"curies":[{"name":"wp","href":"https:\/\/api.w.org\/{rel}","templated":true}]}}