{"id":10945,"date":"2018-10-02T12:18:35","date_gmt":"2018-10-02T15:18:35","guid":{"rendered":"http:\/\/www.portalalerta.com.br\/?p=10945"},"modified":"2018-10-02T12:18:35","modified_gmt":"2018-10-02T15:18:35","slug":"reporter-sandro-aguiar-e-empossado-vereador-em-ribeira-do-pombal-ba","status":"publish","type":"post","link":"https:\/\/www.portalalerta.com.br\/index.php\/2018\/10\/02\/reporter-sandro-aguiar-e-empossado-vereador-em-ribeira-do-pombal-ba\/","title":{"rendered":"Rep\u00f3rter Sandro Aguiar \u00e9 empossado vereador em Ribeira do Pombal-BA"},"content":{"rendered":"<p style=\"text-align: justify;\">Na manh\u00e3 da \u00faltima segunda-feira (01\/10), o Rep\u00f3rter Sandro Aguiar (PATRI), foi empossado vereador de Ribeira do Pombal\/BA, durante cerim\u00f4nia realizada na sala da presid\u00eancia da C\u00e2mara Municipal da cidade, com a presen\u00e7a do prefeito Ricardo Maia.<!--more--><\/p>\n<p style=\"text-align: justify;\">A posse se deu ap\u00f3s o pedido de afastamento do vereador Bal (PCdoB), por motivo de sa\u00fade, n\u00e3o havendo previs\u00e3o para seu retorno. Como Bebeto (PSD) e Peu do Gado (PSDB) assumiram secretarias municipais e os suplentes Irm\u00e3o Ezequias (PSD) e Marcelo Silva (Rede) j\u00e1 foram empossados, Sandro, como terceiro suplente da Coliga\u00e7\u00e3o Pombal no Rumo Certo, recebeu a miss\u00e3o de substituir Bal.<\/p>\n<p style=\"text-align: justify;\"><img fetchpriority=\"high\" decoding=\"async\" class=\"size-thumbnail wp-image-4869 aligncenter\" src=\"http:\/\/www.portalalerta.com.br\/wp-content\/uploads\/2018\/02\/Auto-Escola-Nobre-720x181.jpg\" alt=\"\" width=\"720\" height=\"181\" srcset=\"https:\/\/www.portalalerta.com.br\/wp-content\/uploads\/2018\/02\/Auto-Escola-Nobre.jpg 720w, https:\/\/www.portalalerta.com.br\/wp-content\/uploads\/2018\/02\/Auto-Escola-Nobre-260x65.jpg 260w, https:\/\/www.portalalerta.com.br\/wp-content\/uploads\/2018\/02\/Auto-Escola-Nobre-50x13.jpg 50w, https:\/\/www.portalalerta.com.br\/wp-content\/uploads\/2018\/02\/Auto-Escola-Nobre-150x38.jpg 150w\" sizes=\"(max-width: 720px) 100vw, 720px\" \/>Em sua primeira sess\u00e3o como vereador, Sandro Aguiar se emocionou em seu discurso na tribuna, lembrando de seu pai, j\u00e1 falecido, que atuava como vaqueiro e ensinou ao filho o of\u00edcio, exercido at\u00e9 os 16 anos de idade. Em seguida, Sandro foi office boy, mototaxista, taxista at\u00e9 chegar na \u00e1rea de comunica\u00e7\u00e3o e tamb\u00e9m na m\u00fasica.<\/p>\n<p style=\"text-align: justify;\">Sandro Aguiar, que tem como nome de batismo Jos\u00e9 Alex dos Santos Nascimento, faz parte da equipe da R\u00e1dio Povo Ribeira do Pombal desde 2012, com um pequeno hiato durante as elei\u00e7\u00f5es 2016, quando se afastou por tr\u00eas meses para se candidatar a vereador, recebendo 372 votos. Morador do bairro da Vila Oper\u00e1ria, tem na localidade seu principal reduto, por\u00e9m frisou que vai trabalhar pelos quase 55 mil habitantes que o munic\u00edpio possui, apresentando projetos, estando algum deles j\u00e1 prontos para aprecia\u00e7\u00e3o.<\/p>\n<p style=\"text-align: justify;\"><em>Fonte: R\u00e1dio Povo<\/em><\/p>\n","protected":false},"excerpt":{"rendered":"<p>Na manh\u00e3 da \u00faltima segunda-feira (01\/10), o Rep\u00f3rter Sandro Aguiar (PATRI), foi empossado vereador de Ribeira do Pombal\/BA, durante cerim\u00f4nia realizada na sala da presid\u00eancia da C\u00e2mara Municipal da cidade, com a presen\u00e7a do prefeito Ricardo Maia.<\/p>\n","protected":false},"author":2,"featured_media":10946,"comment_status":"open","ping_status":"open","sticky":false,"template":"","format":"standard","meta":{"om_disable_all_campaigns":false,"_monsterinsights_skip_tracking":false,"_monsterinsights_sitenote_active":false,"_monsterinsights_sitenote_note":"","_monsterinsights_sitenote_category":0,"footnotes":""},"categories":[70,69,21,32,3],"tags":[211,453,47,1638,80],"class_list":["post-10945","post","type-post","status-publish","format-standard","has-post-thumbnail","hentry","category-destaques","category-noticias2","category-politica","category-regiao","category-ribeira-do-pombal","tag-camara-de-vereadores","tag-radialista","tag-ribeira-do-pombal","tag-sandro-aguiar","tag-vereador"],"aioseo_notices":[],"_links":{"self":[{"href":"https:\/\/www.portalalerta.com.br\/index.php\/wp-json\/wp\/v2\/posts\/10945","targetHints":{"allow":["GET"]}}],"collection":[{"href":"https:\/\/www.portalalerta.com.br\/index.php\/wp-json\/wp\/v2\/posts"}],"about":[{"href":"https:\/\/www.portalalerta.com.br\/index.php\/wp-json\/wp\/v2\/types\/post"}],"author":[{"embeddable":true,"href":"https:\/\/www.portalalerta.com.br\/index.php\/wp-json\/wp\/v2\/users\/2"}],"replies":[{"embeddable":true,"href":"https:\/\/www.portalalerta.com.br\/index.php\/wp-json\/wp\/v2\/comments?post=10945"}],"version-history":[{"count":0,"href":"https:\/\/www.portalalerta.com.br\/index.php\/wp-json\/wp\/v2\/posts\/10945\/revisions"}],"wp:featuredmedia":[{"embeddable":true,"href":"https:\/\/www.portalalerta.com.br\/index.php\/wp-json\/wp\/v2\/media\/10946"}],"wp:attachment":[{"href":"https:\/\/www.portalalerta.com.br\/index.php\/wp-json\/wp\/v2\/media?parent=10945"}],"wp:term":[{"taxonomy":"category","embeddable":true,"href":"https:\/\/www.portalalerta.com.br\/index.php\/wp-json\/wp\/v2\/categories?post=10945"},{"taxonomy":"post_tag","embeddable":true,"href":"https:\/\/www.portalalerta.com.br\/index.php\/wp-json\/wp\/v2\/tags?post=10945"}],"curies":[{"name":"wp","href":"https:\/\/api.w.org\/{rel}","templated":true}]}}