{"id":10952,"date":"2018-10-02T22:30:42","date_gmt":"2018-10-03T01:30:42","guid":{"rendered":"http:\/\/www.portalalerta.com.br\/?p=10952"},"modified":"2018-10-02T22:30:42","modified_gmt":"2018-10-03T01:30:42","slug":"stf-abre-novo-inquerito-contra-geddel-lucio-e-a-mae-dos-vieira-lima","status":"publish","type":"post","link":"https:\/\/www.portalalerta.com.br\/index.php\/2018\/10\/02\/stf-abre-novo-inquerito-contra-geddel-lucio-e-a-mae-dos-vieira-lima\/","title":{"rendered":"STF abre novo inqu\u00e9rito contra Geddel, L\u00facio e a m\u00e3e dos Vieira Lima"},"content":{"rendered":"<p style=\"text-align: justify;\">O ministro do Supremo Tribunal Federal (STF), Alexandre de Moraes, ex-ministro da Justi\u00e7a do governo Michel Temer,\u00a0determinou a abertura de mais um inqu\u00e9rito para investigar Geddel Vieira Lima, seus irm\u00e3os L\u00facio e Afr\u00edsio e a m\u00e3e deles, Marluce Vieira Lima. A informa\u00e7\u00e3o \u00e9 do jornal O Globo.<!--more--><\/p>\n<p style=\"text-align: justify;\"><img fetchpriority=\"high\" decoding=\"async\" class=\"size-thumbnail wp-image-9568 alignleft\" src=\"http:\/\/www.portalalerta.com.br\/wp-content\/uploads\/2018\/08\/Real-Estilo-320x240.jpeg\" alt=\"\" width=\"320\" height=\"240\" srcset=\"https:\/\/www.portalalerta.com.br\/wp-content\/uploads\/2018\/08\/Real-Estilo-320x240.jpeg 320w, https:\/\/www.portalalerta.com.br\/wp-content\/uploads\/2018\/08\/Real-Estilo-195x146.jpeg 195w, https:\/\/www.portalalerta.com.br\/wp-content\/uploads\/2018\/08\/Real-Estilo-50x38.jpeg 50w, https:\/\/www.portalalerta.com.br\/wp-content\/uploads\/2018\/08\/Real-Estilo-100x75.jpeg 100w, https:\/\/www.portalalerta.com.br\/wp-content\/uploads\/2018\/08\/Real-Estilo.jpeg 400w\" sizes=\"(max-width: 320px) 100vw, 320px\" \/>De acordo com a publica\u00e7\u00e3o, o\u00a0objetivo \u00e9 apurar se a fam\u00edlia lavou dinheiro por meio de compra e venda simuladas de gado e da loca\u00e7\u00e3o de maquin\u00e1rio agr\u00edcola para as fazendas que possui.<\/p>\n<p style=\"text-align: justify;\">Alexandre de Moraes \u00e9 o relator no STF do inqu\u00e9rito aberto para investigar se Geddel e sua fam\u00edlia se apropriaram de remunera\u00e7\u00e3o paga a secret\u00e1rios parlamentares com recursos p\u00fablicos.\u00a0Ao longo da apura\u00e7\u00e3o, surgiram suspeitas de lavagem de dinheiro envolvendo as atividades nas propriedades rurais dos Vieira Lima.<\/p>\n<p style=\"text-align: justify;\"><em>Fonte: Boc\u00e3o News<\/em><\/p>\n","protected":false},"excerpt":{"rendered":"<p>O ministro do Supremo Tribunal Federal (STF), Alexandre de Moraes, ex-ministro da Justi\u00e7a do governo Michel Temer,\u00a0determinou a abertura de mais um inqu\u00e9rito para investigar Geddel Vieira Lima, seus irm\u00e3os L\u00facio e Afr\u00edsio e a m\u00e3e deles, Marluce Vieira Lima. A informa\u00e7\u00e3o \u00e9 do jornal O Globo.<\/p>\n","protected":false},"author":2,"featured_media":7345,"comment_status":"open","ping_status":"open","sticky":false,"template":"","format":"standard","meta":{"om_disable_all_campaigns":false,"_monsterinsights_skip_tracking":false,"_monsterinsights_sitenote_active":false,"_monsterinsights_sitenote_note":"","_monsterinsights_sitenote_category":0,"footnotes":""},"categories":[33,34,70,69,21],"tags":[1173,542,1649,642,216],"class_list":["post-10952","post","type-post","status-publish","format-standard","has-post-thumbnail","hentry","category-bahia","category-brasil","category-destaques","category-noticias2","category-politica","tag-alexandre-de-moraes","tag-geddel","tag-inquerito","tag-lucio-vieira-lima","tag-stf"],"aioseo_notices":[],"_links":{"self":[{"href":"https:\/\/www.portalalerta.com.br\/index.php\/wp-json\/wp\/v2\/posts\/10952","targetHints":{"allow":["GET"]}}],"collection":[{"href":"https:\/\/www.portalalerta.com.br\/index.php\/wp-json\/wp\/v2\/posts"}],"about":[{"href":"https:\/\/www.portalalerta.com.br\/index.php\/wp-json\/wp\/v2\/types\/post"}],"author":[{"embeddable":true,"href":"https:\/\/www.portalalerta.com.br\/index.php\/wp-json\/wp\/v2\/users\/2"}],"replies":[{"embeddable":true,"href":"https:\/\/www.portalalerta.com.br\/index.php\/wp-json\/wp\/v2\/comments?post=10952"}],"version-history":[{"count":0,"href":"https:\/\/www.portalalerta.com.br\/index.php\/wp-json\/wp\/v2\/posts\/10952\/revisions"}],"wp:featuredmedia":[{"embeddable":true,"href":"https:\/\/www.portalalerta.com.br\/index.php\/wp-json\/wp\/v2\/media\/7345"}],"wp:attachment":[{"href":"https:\/\/www.portalalerta.com.br\/index.php\/wp-json\/wp\/v2\/media?parent=10952"}],"wp:term":[{"taxonomy":"category","embeddable":true,"href":"https:\/\/www.portalalerta.com.br\/index.php\/wp-json\/wp\/v2\/categories?post=10952"},{"taxonomy":"post_tag","embeddable":true,"href":"https:\/\/www.portalalerta.com.br\/index.php\/wp-json\/wp\/v2\/tags?post=10952"}],"curies":[{"name":"wp","href":"https:\/\/api.w.org\/{rel}","templated":true}]}}