{"id":11335,"date":"2018-10-16T12:57:24","date_gmt":"2018-10-16T15:57:24","guid":{"rendered":"http:\/\/www.portalalerta.com.br\/?p=11335"},"modified":"2018-10-16T12:57:24","modified_gmt":"2018-10-16T15:57:24","slug":"crianca-morre-apos-ingerir-querosene-em-feira-de-santana-ba","status":"publish","type":"post","link":"https:\/\/www.portalalerta.com.br\/index.php\/2018\/10\/16\/crianca-morre-apos-ingerir-querosene-em-feira-de-santana-ba\/","title":{"rendered":"Crian\u00e7a morre ap\u00f3s ingerir querosene em Feira de Santana-BA"},"content":{"rendered":"<p style=\"text-align: justify;\">A pequena Ana Sofia dos Santos Soares, de 1 ano e 8 meses, morreu por volta das 6h do ultimo s\u00e1bado (13) no Hospital Estadual da Crian\u00e7a (HEC), em Feira de Santana-BA, v\u00edtimas de complica\u00e7\u00f5es ap\u00f3s ingest\u00e3o de querosene.<!--more--><\/p>\n<p style=\"text-align: justify;\"><img fetchpriority=\"high\" decoding=\"async\" class=\"size-thumbnail wp-image-9568 alignleft\" src=\"http:\/\/www.portalalerta.com.br\/wp-content\/uploads\/2018\/08\/Real-Estilo-320x240.jpeg\" alt=\"\" width=\"320\" height=\"240\" srcset=\"https:\/\/www.portalalerta.com.br\/wp-content\/uploads\/2018\/08\/Real-Estilo-320x240.jpeg 320w, https:\/\/www.portalalerta.com.br\/wp-content\/uploads\/2018\/08\/Real-Estilo-195x146.jpeg 195w, https:\/\/www.portalalerta.com.br\/wp-content\/uploads\/2018\/08\/Real-Estilo-50x38.jpeg 50w, https:\/\/www.portalalerta.com.br\/wp-content\/uploads\/2018\/08\/Real-Estilo-100x75.jpeg 100w, https:\/\/www.portalalerta.com.br\/wp-content\/uploads\/2018\/08\/Real-Estilo.jpeg 400w\" sizes=\"(max-width: 320px) 100vw, 320px\" \/>A delegada Danielle Mathias realizou o levantamento cadav\u00e9rico da garotinha no hospital, na manh\u00e3 de s\u00e1bado, e informou que por volta das 17h40 de sexta-feira (12), Dia das Crian\u00e7as, a menina passou mal ap\u00f3s brincar no quintal de casa. Ela pegou o produto, encheu o brinquedo e tomou o produto em seguida. Os pais inicialmente levaram a crian\u00e7a para a policl\u00ednica do bairro e em seguida ela foi encaminhada para o HEC, mas n\u00e3o resistiu.<\/p>\n<p style=\"text-align: justify;\">\u201cNo dia das Crian\u00e7as ela estava brincando no quintal de casa. Um dos genitores trabalha com esse tipo de produto e tinha querosene no fundo da resid\u00eancia. Teve um momento em que ela encheu um brinquedinho com o produto e tomou. Por um descuido dos pais ela acabou ingerindo o querosene e acabou tendo complica\u00e7\u00f5es. Foi prestado o socorro, mas quando chegou ao hospital infelizmente ela veio a \u00f3bito, neste s\u00e1bado\u201d, relatou a delegada ao Acorda Cidade.<\/p>\n<p style=\"text-align: justify;\">Ana Sofia morava na Rua Bangu, no bairro Parque Ip\u00ea, em Feira de Santana.<\/p>\n<p style=\"text-align: justify;\"><em>Fonte: R\u00e1dio Povo<\/em><\/p>\n<p style=\"text-align: justify;\"><em>Com informa\u00e7\u00f5es: Acorda Cidade<\/em><\/p>\n","protected":false},"excerpt":{"rendered":"<p>A pequena Ana Sofia dos Santos Soares, de 1 ano e 8 meses, morreu por volta das 6h do ultimo s\u00e1bado (13) no Hospital Estadual da Crian\u00e7a (HEC), em Feira de Santana-BA, v\u00edtimas de complica\u00e7\u00f5es ap\u00f3s ingest\u00e3o de querosene.<\/p>\n","protected":false},"author":2,"featured_media":11336,"comment_status":"open","ping_status":"open","sticky":false,"template":"","format":"standard","meta":{"om_disable_all_campaigns":false,"_monsterinsights_skip_tracking":false,"_monsterinsights_sitenote_active":false,"_monsterinsights_sitenote_note":"","_monsterinsights_sitenote_category":0,"footnotes":""},"categories":[33,70,69],"tags":[54,377,1676,169],"class_list":["post-11335","post","type-post","status-publish","format-standard","has-post-thumbnail","hentry","category-bahia","category-destaques","category-noticias2","tag-bahia","tag-feira-de-santana","tag-hospital-estadual-da-crianca","tag-morte"],"aioseo_notices":[],"_links":{"self":[{"href":"https:\/\/www.portalalerta.com.br\/index.php\/wp-json\/wp\/v2\/posts\/11335","targetHints":{"allow":["GET"]}}],"collection":[{"href":"https:\/\/www.portalalerta.com.br\/index.php\/wp-json\/wp\/v2\/posts"}],"about":[{"href":"https:\/\/www.portalalerta.com.br\/index.php\/wp-json\/wp\/v2\/types\/post"}],"author":[{"embeddable":true,"href":"https:\/\/www.portalalerta.com.br\/index.php\/wp-json\/wp\/v2\/users\/2"}],"replies":[{"embeddable":true,"href":"https:\/\/www.portalalerta.com.br\/index.php\/wp-json\/wp\/v2\/comments?post=11335"}],"version-history":[{"count":0,"href":"https:\/\/www.portalalerta.com.br\/index.php\/wp-json\/wp\/v2\/posts\/11335\/revisions"}],"wp:featuredmedia":[{"embeddable":true,"href":"https:\/\/www.portalalerta.com.br\/index.php\/wp-json\/wp\/v2\/media\/11336"}],"wp:attachment":[{"href":"https:\/\/www.portalalerta.com.br\/index.php\/wp-json\/wp\/v2\/media?parent=11335"}],"wp:term":[{"taxonomy":"category","embeddable":true,"href":"https:\/\/www.portalalerta.com.br\/index.php\/wp-json\/wp\/v2\/categories?post=11335"},{"taxonomy":"post_tag","embeddable":true,"href":"https:\/\/www.portalalerta.com.br\/index.php\/wp-json\/wp\/v2\/tags?post=11335"}],"curies":[{"name":"wp","href":"https:\/\/api.w.org\/{rel}","templated":true}]}}