{"id":11338,"date":"2018-10-16T13:08:02","date_gmt":"2018-10-16T16:08:02","guid":{"rendered":"http:\/\/www.portalalerta.com.br\/?p=11338"},"modified":"2018-10-16T13:08:02","modified_gmt":"2018-10-16T16:08:02","slug":"gil-gomes-ex-reporter-policial-morre-aos-78-anos-em-sao-paulo","status":"publish","type":"post","link":"https:\/\/www.portalalerta.com.br\/index.php\/2018\/10\/16\/gil-gomes-ex-reporter-policial-morre-aos-78-anos-em-sao-paulo\/","title":{"rendered":"Gil Gomes, ex-rep\u00f3rter policial, morre aos 78 anos em S\u00e3o Paulo"},"content":{"rendered":"<p style=\"text-align: justify;\">O jornalista sofria\u00a0de Mal de Parkinson e desde 2005 lutava para combater a doen\u00e7a degenerativa; morte foi confirmada pela fam\u00edlia\u00a0<!--more--><\/p>\n<p style=\"text-align: justify;\">Gil Gomes morreu aos 78 anos, nesta ter\u00e7a-feira (16), em S\u00e3o Paulo. O ex-rep\u00f3rter policial passou mal na segunda-feira (15) e foi encaminhado desacordado ao Hospital S\u00e3o Paulo, na zona sul da capital paulista, mas n\u00e3o resistiu. A informa\u00e7\u00e3o foi confirmada pela fam\u00edlia do jornalista.<\/p>\n<p style=\"text-align: justify;\"><img fetchpriority=\"high\" decoding=\"async\" class=\"size-full wp-image-2902 alignleft\" src=\"http:\/\/www.portalalerta.com.br\/wp-content\/uploads\/2017\/11\/elab-2.jpg\" alt=\"\" width=\"310\" height=\"200\" srcset=\"https:\/\/www.portalalerta.com.br\/wp-content\/uploads\/2017\/11\/elab-2.jpg 310w, https:\/\/www.portalalerta.com.br\/wp-content\/uploads\/2017\/11\/elab-2-226x146.jpg 226w, https:\/\/www.portalalerta.com.br\/wp-content\/uploads\/2017\/11\/elab-2-50x32.jpg 50w, https:\/\/www.portalalerta.com.br\/wp-content\/uploads\/2017\/11\/elab-2-116x75.jpg 116w\" sizes=\"(max-width: 310px) 100vw, 310px\" \/>De acordo com a fam\u00edlia, a morte de Gil foi comunicada pelos m\u00e9dicos no in\u00edcio da manh\u00e3. A causa n\u00e3o foi divulgada.<\/p>\n<p style=\"text-align: justify;\">\u2014 Ele estava na casa da filha dele. Passou mal ontem e foi encaminhado ao Hospital S\u00e3o Paulo. Passou a noite no hospital. Hoje de manh\u00e3 recebemos a not\u00edcia. Ele estava com um grau de Parkinson muito avan\u00e7ado. N\u00e3o sabemos a causa da morte ainda.<\/p>\n<p style=\"text-align: justify;\">Gil sofira de Mal de Parkinson e desde 2005\u00a0lutava para combater a doen\u00e7a degenerativa que o fez perder o equil\u00edbrio, al\u00e9m de ter dificuldades de se mover e sofrer com tremores.<\/p>\n<p style=\"text-align: justify;\">O jornalista era casado com Eliana Izzo, sua segunda mulher, com quem teve duas filhas \u2014 Fl\u00e1via e\u00a0Nathalie. Antes dela, Gil ficou por 14 anos com a escritora Ana Vit\u00f3ria Vieira Monteiro. Juntos, eles tiveram tr\u00eas filhos: Daniel, Vilma e Guilherme \u2014 que morreu ainda jovem v\u00edtima de uma hepatite C. O jornalista tamb\u00e9m deixou quatro netos.<\/p>\n<p style=\"text-align: justify;\">Gil Gomes se tornou um dos grandes nomes do r\u00e1dio e da televis\u00e3o brasileira por seu trabalho no jornalismo investigativo. O ex-rep\u00f3rter iniciou sua carreira na extinta R\u00e1dio Marconi, na d\u00e9cada de 1960. Entre os anos 1991 e 1997, Gil conquistou o grande p\u00fablico na televis\u00e3o ao integrar o time de rep\u00f3rteres do extinto\u00a0<em>Aqui Agora<\/em>, programa do SBT.<\/p>\n<p style=\"text-align: justify;\">Na ocasi\u00e3o, ele chamou a aten\u00e7\u00e3o por conta da linguagem popular e da dramatiza\u00e7\u00e3o que fazia para narrar as reportagens sobre crimes. As apari\u00e7\u00f5es de Gil eram marcadas com um gesto caracter\u00edstico que ele fazia com a m\u00e3o.<\/p>\n<p style=\"text-align: justify;\">Em 1999, o ex-rep\u00f3rter participou da\u00a0<em>Escolinha do Barulho<\/em>, da\u00a0RecordTV\u00a0e tamb\u00e9m comandou um programa na R\u00e1dio Tupi.<\/p>\n<p style=\"text-align: justify;\">O jornalista descobriu o Mal de Parkinson em 2005 e ficou afastado da televis\u00e3o por 12 anos para tratar a doen\u00e7a. Em 2016, ele voltou ao trabalho quando recebeu o convite de um empres\u00e1rio, dono de uma farm\u00e1cia, para comentar um programa patrocinado por uma rede de farm\u00e1cias.<\/p>\n<p style=\"text-align: justify;\">Na \u00e9poca,\u00a0em entrevista ao R7, Gil comemorou o retorno. &#8220;Esse trabalho est\u00e1 me fazendo muito bem. Melhorou minha cabe\u00e7a, meu entusiasmo, minha vontade de viver. Eu andava cabisbaixo, estive arrasado. Minhas pernas est\u00e3o boas, mas n\u00e3o saia da poltrona.&#8221;<\/p>\n<p style=\"text-align: justify;\">Na mesma reportagem, ele tamb\u00e9m declarou que tinha vontade de trabalhar at\u00e9 o \u00faltimo dia de vida. &#8220;Quero continuar trabalhando, honrar o nome que tive, o nome que tenho e o nome que terei. Eu sou forte.&#8221;<\/p>\n<p style=\"text-align: justify;\"><em>Fonte: R7<\/em><\/p>\n","protected":false},"excerpt":{"rendered":"<p>O jornalista sofria\u00a0de Mal de Parkinson e desde 2005 lutava para combater a doen\u00e7a degenerativa; morte foi confirmada pela fam\u00edlia\u00a0<\/p>\n","protected":false},"author":2,"featured_media":11339,"comment_status":"open","ping_status":"open","sticky":false,"template":"","format":"standard","meta":{"om_disable_all_campaigns":false,"_monsterinsights_skip_tracking":false,"_monsterinsights_sitenote_active":false,"_monsterinsights_sitenote_note":"","_monsterinsights_sitenote_category":0,"footnotes":""},"categories":[34,70,69],"tags":[93,169,1677,404],"class_list":["post-11338","post","type-post","status-publish","format-standard","has-post-thumbnail","hentry","category-brasil","category-destaques","category-noticias2","tag-brasil","tag-morte","tag-reporter","tag-sao-paulo"],"aioseo_notices":[],"_links":{"self":[{"href":"https:\/\/www.portalalerta.com.br\/index.php\/wp-json\/wp\/v2\/posts\/11338","targetHints":{"allow":["GET"]}}],"collection":[{"href":"https:\/\/www.portalalerta.com.br\/index.php\/wp-json\/wp\/v2\/posts"}],"about":[{"href":"https:\/\/www.portalalerta.com.br\/index.php\/wp-json\/wp\/v2\/types\/post"}],"author":[{"embeddable":true,"href":"https:\/\/www.portalalerta.com.br\/index.php\/wp-json\/wp\/v2\/users\/2"}],"replies":[{"embeddable":true,"href":"https:\/\/www.portalalerta.com.br\/index.php\/wp-json\/wp\/v2\/comments?post=11338"}],"version-history":[{"count":0,"href":"https:\/\/www.portalalerta.com.br\/index.php\/wp-json\/wp\/v2\/posts\/11338\/revisions"}],"wp:featuredmedia":[{"embeddable":true,"href":"https:\/\/www.portalalerta.com.br\/index.php\/wp-json\/wp\/v2\/media\/11339"}],"wp:attachment":[{"href":"https:\/\/www.portalalerta.com.br\/index.php\/wp-json\/wp\/v2\/media?parent=11338"}],"wp:term":[{"taxonomy":"category","embeddable":true,"href":"https:\/\/www.portalalerta.com.br\/index.php\/wp-json\/wp\/v2\/categories?post=11338"},{"taxonomy":"post_tag","embeddable":true,"href":"https:\/\/www.portalalerta.com.br\/index.php\/wp-json\/wp\/v2\/tags?post=11338"}],"curies":[{"name":"wp","href":"https:\/\/api.w.org\/{rel}","templated":true}]}}