{"id":11341,"date":"2018-10-16T13:36:11","date_gmt":"2018-10-16T16:36:11","guid":{"rendered":"http:\/\/www.portalalerta.com.br\/?p=11341"},"modified":"2018-10-16T13:36:11","modified_gmt":"2018-10-16T16:36:11","slug":"veja-como-foi-a-festa-de-outubro-em-ribeira-do-pombal-ba","status":"publish","type":"post","link":"https:\/\/www.portalalerta.com.br\/index.php\/2018\/10\/16\/veja-como-foi-a-festa-de-outubro-em-ribeira-do-pombal-ba\/","title":{"rendered":"Veja como foi a Festa de Outubro em Ribeira do Pombal-BA"},"content":{"rendered":"<p style=\"text-align: justify;\">Entre os dias 12 e 14 de outubro do corrente ano, Ribeira do Pombal-BA e regi\u00e3o, viveu a alegria proporcionada pelo evento festivo, que j\u00e1 \u00e9 tradi\u00e7\u00e3o no munic\u00edpio.<!--more--><\/p>\n<p style=\"text-align: justify;\">Promovida pela Prefeitura Municipal, em comemora\u00e7\u00e3o ao dia de Santa Tereza, padroeira da cidade, a festa teve como atra\u00e7\u00f5es principais: Tayrone, Capital Inicial, e Bruno &amp; Marrone.<\/p>\n<p style=\"text-align: justify;\">O p\u00fablico mais uma vez deu a sua contribui\u00e7\u00e3o, j\u00e1 que lotou o espa\u00e7o para festas do Complexo Esportivo Ferreira Brito (Ferreir\u00e3o), sendo considerado por alguns como o maior p\u00fablico da hist\u00f3ria.<\/p>\n<p style=\"text-align: justify;\">Por fim, a organiza\u00e7\u00e3o do evento foi bastante elogiada pelos foli\u00f5es, sobretudo a seguran\u00e7a que ficou a cargo das pol\u00edcias civil e militar, Guardas Civis Municipais, e Guardas Patrimoniais, inibindo a\u00e7\u00f5es criminosas, bem como o incomodo do sossego alheio, havendo poucos registros de crimes contra o patrim\u00f4nio (furtos), bem como contra a integridade (Vias de Fato), caracterizando assim uma festa tranquila.<\/p>\n<p style=\"text-align: justify;\"><img fetchpriority=\"high\" decoding=\"async\" class=\"size-thumbnail wp-image-4869 aligncenter\" src=\"http:\/\/www.portalalerta.com.br\/wp-content\/uploads\/2018\/02\/Auto-Escola-Nobre-720x181.jpg\" alt=\"\" width=\"720\" height=\"181\" srcset=\"https:\/\/www.portalalerta.com.br\/wp-content\/uploads\/2018\/02\/Auto-Escola-Nobre.jpg 720w, https:\/\/www.portalalerta.com.br\/wp-content\/uploads\/2018\/02\/Auto-Escola-Nobre-260x65.jpg 260w, https:\/\/www.portalalerta.com.br\/wp-content\/uploads\/2018\/02\/Auto-Escola-Nobre-50x13.jpg 50w, https:\/\/www.portalalerta.com.br\/wp-content\/uploads\/2018\/02\/Auto-Escola-Nobre-150x38.jpg 150w\" sizes=\"(max-width: 720px) 100vw, 720px\" \/>O que fica \u00e9 a curiosidade pelo que est\u00e1 por vir, pois a cada ano que passa, a Festa de Outubro tem se superado, em compara\u00e7\u00e3o a eventos anteriores.<\/p>\n<p style=\"text-align: justify;\"><strong>Vaquejada<\/strong><\/p>\n<p style=\"text-align: justify;\">Paralelo aos shows musicais, vaqueiros de toda a regi\u00e3o participaram da Vaquejada, que teve uma premia\u00e7\u00e3o de R$ 50.000,00.<\/p>\n<p style=\"text-align: justify;\">A competi\u00e7\u00e3o aconteceu no Parque de Vaquejada Segismundo Mac\u00eado, que tamb\u00e9m faz parte do Complexo Esportivo Ferreira Brito.<\/p>\n<p style=\"text-align: justify;\">As disputas ocorreram nas Categorias: Profissional, Amador, e Aspirante.<\/p>\n<p style=\"text-align: justify;\"><em>Reda\u00e7\u00e3o: Portal Alerta<\/em><\/p>\n","protected":false},"excerpt":{"rendered":"<p>Entre os dias 12 e 14 de outubro do corrente ano, Ribeira do Pombal-BA e regi\u00e3o, viveu a alegria proporcionada pelo evento festivo, que j\u00e1 \u00e9 tradi\u00e7\u00e3o no munic\u00edpio.<\/p>\n","protected":false},"author":2,"featured_media":11342,"comment_status":"open","ping_status":"open","sticky":false,"template":"","format":"standard","meta":{"om_disable_all_campaigns":false,"_monsterinsights_skip_tracking":false,"_monsterinsights_sitenote_active":false,"_monsterinsights_sitenote_note":"","_monsterinsights_sitenote_category":0,"footnotes":""},"categories":[70,36,69,32,3],"tags":[124,914,47],"class_list":["post-11341","post","type-post","status-publish","format-standard","has-post-thumbnail","hentry","category-destaques","category-lazer","category-noticias2","category-regiao","category-ribeira-do-pombal","tag-124","tag-festa-de-outubro","tag-ribeira-do-pombal"],"aioseo_notices":[],"_links":{"self":[{"href":"https:\/\/www.portalalerta.com.br\/index.php\/wp-json\/wp\/v2\/posts\/11341","targetHints":{"allow":["GET"]}}],"collection":[{"href":"https:\/\/www.portalalerta.com.br\/index.php\/wp-json\/wp\/v2\/posts"}],"about":[{"href":"https:\/\/www.portalalerta.com.br\/index.php\/wp-json\/wp\/v2\/types\/post"}],"author":[{"embeddable":true,"href":"https:\/\/www.portalalerta.com.br\/index.php\/wp-json\/wp\/v2\/users\/2"}],"replies":[{"embeddable":true,"href":"https:\/\/www.portalalerta.com.br\/index.php\/wp-json\/wp\/v2\/comments?post=11341"}],"version-history":[{"count":0,"href":"https:\/\/www.portalalerta.com.br\/index.php\/wp-json\/wp\/v2\/posts\/11341\/revisions"}],"wp:featuredmedia":[{"embeddable":true,"href":"https:\/\/www.portalalerta.com.br\/index.php\/wp-json\/wp\/v2\/media\/11342"}],"wp:attachment":[{"href":"https:\/\/www.portalalerta.com.br\/index.php\/wp-json\/wp\/v2\/media?parent=11341"}],"wp:term":[{"taxonomy":"category","embeddable":true,"href":"https:\/\/www.portalalerta.com.br\/index.php\/wp-json\/wp\/v2\/categories?post=11341"},{"taxonomy":"post_tag","embeddable":true,"href":"https:\/\/www.portalalerta.com.br\/index.php\/wp-json\/wp\/v2\/tags?post=11341"}],"curies":[{"name":"wp","href":"https:\/\/api.w.org\/{rel}","templated":true}]}}