{"id":11344,"date":"2018-10-16T17:24:53","date_gmt":"2018-10-16T20:24:53","guid":{"rendered":"http:\/\/www.portalalerta.com.br\/?p=11344"},"modified":"2018-10-16T17:24:53","modified_gmt":"2018-10-16T20:24:53","slug":"menina-de-11-anos-e-estuprada-em-cadeia-no-ceara","status":"publish","type":"post","link":"https:\/\/www.portalalerta.com.br\/index.php\/2018\/10\/16\/menina-de-11-anos-e-estuprada-em-cadeia-no-ceara\/","title":{"rendered":"Menina de 11 anos \u00e9 estuprada em cadeia no Cear\u00e1"},"content":{"rendered":"<p style=\"text-align: justify;\">O governo do Cear\u00e1 suspendeu as visitas de crian\u00e7as a presos que cumprem pena por crimes sexuais em uma unidade prisional do estado ap\u00f3s uma menina de 11 anos ser estuprada em uma cela.<!--more--><\/p>\n<p style=\"text-align: justify;\">O crime, registrado no \u00faltimo s\u00e1bado (13), ocorreu no Cepis (Centro de Execu\u00e7\u00e3o Penal e Integra\u00e7\u00e3o Social Vasco Damasceno Weyne), em Itaitinga, cidade da regi\u00e3o metropolitana de Fortaleza.<\/p>\n<p style=\"text-align: justify;\">De acordo com a Secretaria de Justi\u00e7a e Cidadania, a respons\u00e1vel pela administra\u00e7\u00e3o do sistema prisional cearense, a medida deve ser mantida at\u00e9 a conclus\u00e3o das investiga\u00e7\u00f5es sobre o caso.<\/p>\n<p style=\"text-align: justify;\"><img fetchpriority=\"high\" decoding=\"async\" class=\"size-full wp-image-2867 aligncenter\" src=\"http:\/\/www.portalalerta.com.br\/wp-content\/uploads\/2017\/11\/protege-1.jpg\" alt=\"\" width=\"600\" height=\"140\" \/>A menina foi atacada por um detento no hor\u00e1rio de visitas, entre 9h e 16h, do \u00faltimo s\u00e1bado. Ela estava acompanhada da m\u00e3e e visitava o pai, que cumpre pena no local.<\/p>\n<p style=\"text-align: justify;\">\u00c0 imprensa local, a m\u00e3e da garota, que n\u00e3o quis se identificar, disse que viu a filha sair da cela acompanhada do pai quando, na sequ\u00eancia, foi levada pelo detento suspeito de ter cometido o estupro.<\/p>\n<p style=\"text-align: justify;\">A m\u00e3e da v\u00edtima disse que &#8220;ap\u00f3s o descuido&#8221; comunicou o desaparecimento da filha aos agentes penitenci\u00e1rios, que a encontraram ap\u00f3s o estupro ter ocorrido. A m\u00e3e da crian\u00e7a relatou que encontrou a filha muito assustada e com a calcinha suja de sangue.<\/p>\n<p style=\"text-align: justify;\">O detento suspeito de estuprar a menina foi identificado, isolado e transferido para outra unidade prisional. O local n\u00e3o foi revelado por medida de seguran\u00e7a.<\/p>\n<p style=\"text-align: justify;\">Procurada para detalhar as investiga\u00e7\u00f5es, a Secretaria de Seguran\u00e7a P\u00fablica e Defesa Social do Cear\u00e1 informou que a Delegacia Metropolitana de Itaitinga j\u00e1 investiga o crime e que n\u00e3o poderia repassar mais informa\u00e7\u00f5es porque o caso est\u00e1 sob sigilo.<\/p>\n<p style=\"text-align: justify;\"><em>Fonte: Boc\u00e3o News<\/em><\/p>\n","protected":false},"excerpt":{"rendered":"<p>O governo do Cear\u00e1 suspendeu as visitas de crian\u00e7as a presos que cumprem pena por crimes sexuais em uma unidade prisional do estado ap\u00f3s uma menina de 11 anos ser estuprada em uma cela.<\/p>\n","protected":false},"author":2,"featured_media":3645,"comment_status":"open","ping_status":"open","sticky":false,"template":"","format":"standard","meta":{"om_disable_all_campaigns":false,"_monsterinsights_skip_tracking":false,"_monsterinsights_sitenote_active":false,"_monsterinsights_sitenote_note":"","_monsterinsights_sitenote_category":0,"footnotes":""},"categories":[34,70,69,22],"tags":[93,529,438,1678,110,256,978],"class_list":["post-11344","post","type-post","status-publish","format-standard","has-post-thumbnail","hentry","category-brasil","category-destaques","category-noticias2","category-seguranca","tag-brasil","tag-ceara","tag-estupro-de-vulneravel","tag-itaitinga","tag-presos","tag-ssp","tag-visita"],"aioseo_notices":[],"_links":{"self":[{"href":"https:\/\/www.portalalerta.com.br\/index.php\/wp-json\/wp\/v2\/posts\/11344","targetHints":{"allow":["GET"]}}],"collection":[{"href":"https:\/\/www.portalalerta.com.br\/index.php\/wp-json\/wp\/v2\/posts"}],"about":[{"href":"https:\/\/www.portalalerta.com.br\/index.php\/wp-json\/wp\/v2\/types\/post"}],"author":[{"embeddable":true,"href":"https:\/\/www.portalalerta.com.br\/index.php\/wp-json\/wp\/v2\/users\/2"}],"replies":[{"embeddable":true,"href":"https:\/\/www.portalalerta.com.br\/index.php\/wp-json\/wp\/v2\/comments?post=11344"}],"version-history":[{"count":0,"href":"https:\/\/www.portalalerta.com.br\/index.php\/wp-json\/wp\/v2\/posts\/11344\/revisions"}],"wp:featuredmedia":[{"embeddable":true,"href":"https:\/\/www.portalalerta.com.br\/index.php\/wp-json\/wp\/v2\/media\/3645"}],"wp:attachment":[{"href":"https:\/\/www.portalalerta.com.br\/index.php\/wp-json\/wp\/v2\/media?parent=11344"}],"wp:term":[{"taxonomy":"category","embeddable":true,"href":"https:\/\/www.portalalerta.com.br\/index.php\/wp-json\/wp\/v2\/categories?post=11344"},{"taxonomy":"post_tag","embeddable":true,"href":"https:\/\/www.portalalerta.com.br\/index.php\/wp-json\/wp\/v2\/tags?post=11344"}],"curies":[{"name":"wp","href":"https:\/\/api.w.org\/{rel}","templated":true}]}}