{"id":11346,"date":"2018-10-16T17:27:20","date_gmt":"2018-10-16T20:27:20","guid":{"rendered":"http:\/\/www.portalalerta.com.br\/?p=11346"},"modified":"2018-10-16T17:27:20","modified_gmt":"2018-10-16T20:27:20","slug":"governo-decide-manter-comeco-do-horario-de-verao-em-4-de-novembro","status":"publish","type":"post","link":"https:\/\/www.portalalerta.com.br\/index.php\/2018\/10\/16\/governo-decide-manter-comeco-do-horario-de-verao-em-4-de-novembro\/","title":{"rendered":"Governo decide manter come\u00e7o do hor\u00e1rio de ver\u00e3o em 4 de novembro"},"content":{"rendered":"<p style=\"text-align: justify;\">Negativa do Planalto ao pedido veio ap\u00f3s estudo de viabilidade feito pelos minist\u00e9rios de Minas e Energia e Transportes<!--more--><\/p>\n<p style=\"text-align: justify;\">Geralmente, o hor\u00e1rio come\u00e7a em outubro, mas foi adiado para novembro em virtude do segundo turno das elei\u00e7\u00f5es. No come\u00e7o do m\u00eas, o governo federal chegou a anunciar que adiou o in\u00edcio do hor\u00e1rio de ver\u00e3o para o dia 18 de novembro por causa de um pedido feito pelo Minist\u00e9rio da Educa\u00e7\u00e3o para n\u00e3o prejudicar os candidatos do Enem. O exame ser\u00e1 aplicado em dois domingos. O primeiro deles ser\u00e1 o dia 4 de novembro.<\/p>\n<p style=\"text-align: justify;\"><img fetchpriority=\"high\" decoding=\"async\" class=\"size-thumbnail wp-image-9568 alignleft\" src=\"http:\/\/www.portalalerta.com.br\/wp-content\/uploads\/2018\/08\/Real-Estilo-320x240.jpeg\" alt=\"\" width=\"320\" height=\"240\" srcset=\"https:\/\/www.portalalerta.com.br\/wp-content\/uploads\/2018\/08\/Real-Estilo-320x240.jpeg 320w, https:\/\/www.portalalerta.com.br\/wp-content\/uploads\/2018\/08\/Real-Estilo-195x146.jpeg 195w, https:\/\/www.portalalerta.com.br\/wp-content\/uploads\/2018\/08\/Real-Estilo-50x38.jpeg 50w, https:\/\/www.portalalerta.com.br\/wp-content\/uploads\/2018\/08\/Real-Estilo-100x75.jpeg 100w, https:\/\/www.portalalerta.com.br\/wp-content\/uploads\/2018\/08\/Real-Estilo.jpeg 400w\" sizes=\"(max-width: 320px) 100vw, 320px\" \/>O ministro da Educa\u00e7\u00e3o, Rossieli Soares, j\u00e1 contava com o adiamento e chegou a comemor\u00e1-lo. \u201cCandidatos ter\u00e3o mais tranquilidade para fazer as provas! Caso o hor\u00e1rio de ver\u00e3o iniciasse no primeiro dia de provas do Enem, como estava previsto, muito provavelmente acarretaria preju\u00edzos aos participantes&#8221;, disse nas redes sociais no in\u00edcio de outubro.<\/p>\n<p style=\"text-align: justify;\">A negativa do Planalto ao pedido veio\u00a0ap\u00f3s estudo de viabilidade feito pelos minist\u00e9rios de Minas e Energia e Transportes. Segundo a assessoria do Planalto, a an\u00e1lise dos minist\u00e9rios concluiu a inviabilidade de nova mudan\u00e7a no hor\u00e1rio de ver\u00e3o, sem detalhes da decis\u00e3o.<\/p>\n<p style=\"text-align: justify;\">Na \u00e9poca em que foi anunciado o adiamento para 18 de novembro, a medida foi criticada pela Associa\u00e7\u00e3o Brasileira das Empresas A\u00e9reas (Abear). Segundo a associa\u00e7\u00e3o, a mudan\u00e7a da data acarretaria &#8220;s\u00e9rias consequ\u00eancias&#8221; ao planejamento das opera\u00e7\u00f5es e, consequentemente, para quem adquiriu passagens antecipadamente, afetando 3 milh\u00f5es de passageiros.<\/p>\n<p style=\"text-align: justify;\"><strong>Ajustar o rel\u00f3gio<\/strong><\/p>\n<p style=\"text-align: justify;\">No hor\u00e1rio de ver\u00e3o, os rel\u00f3gios devem ser adiantados em uma hora. O hor\u00e1rio \u00e9 adotado nos estados de S\u00e3o Paulo, Rio de Janeiro, Minas Gerais, Esp\u00edrito Santo, Rio Grande do Sul, Santa Catarina, Paran\u00e1, Goi\u00e1s, Mato Grosso, Mato Grosso do Sul e no Distrito Federal.<\/p>\n<p style=\"text-align: justify;\"><em>Fonte: iBahia<\/em><\/p>\n","protected":false},"excerpt":{"rendered":"<p>Negativa do Planalto ao pedido veio ap\u00f3s estudo de viabilidade feito pelos minist\u00e9rios de Minas e Energia e Transportes<\/p>\n","protected":false},"author":2,"featured_media":4764,"comment_status":"open","ping_status":"open","sticky":false,"template":"","format":"standard","meta":{"om_disable_all_campaigns":false,"_monsterinsights_skip_tracking":false,"_monsterinsights_sitenote_active":false,"_monsterinsights_sitenote_note":"","_monsterinsights_sitenote_category":0,"footnotes":""},"categories":[34,70,20,69],"tags":[93,140,220,249,600],"class_list":["post-11346","post","type-post","status-publish","format-standard","has-post-thumbnail","hentry","category-brasil","category-destaques","category-educacao","category-noticias2","tag-brasil","tag-educacao","tag-enem","tag-governo-federal","tag-horario-de-verao"],"aioseo_notices":[],"_links":{"self":[{"href":"https:\/\/www.portalalerta.com.br\/index.php\/wp-json\/wp\/v2\/posts\/11346","targetHints":{"allow":["GET"]}}],"collection":[{"href":"https:\/\/www.portalalerta.com.br\/index.php\/wp-json\/wp\/v2\/posts"}],"about":[{"href":"https:\/\/www.portalalerta.com.br\/index.php\/wp-json\/wp\/v2\/types\/post"}],"author":[{"embeddable":true,"href":"https:\/\/www.portalalerta.com.br\/index.php\/wp-json\/wp\/v2\/users\/2"}],"replies":[{"embeddable":true,"href":"https:\/\/www.portalalerta.com.br\/index.php\/wp-json\/wp\/v2\/comments?post=11346"}],"version-history":[{"count":0,"href":"https:\/\/www.portalalerta.com.br\/index.php\/wp-json\/wp\/v2\/posts\/11346\/revisions"}],"wp:featuredmedia":[{"embeddable":true,"href":"https:\/\/www.portalalerta.com.br\/index.php\/wp-json\/wp\/v2\/media\/4764"}],"wp:attachment":[{"href":"https:\/\/www.portalalerta.com.br\/index.php\/wp-json\/wp\/v2\/media?parent=11346"}],"wp:term":[{"taxonomy":"category","embeddable":true,"href":"https:\/\/www.portalalerta.com.br\/index.php\/wp-json\/wp\/v2\/categories?post=11346"},{"taxonomy":"post_tag","embeddable":true,"href":"https:\/\/www.portalalerta.com.br\/index.php\/wp-json\/wp\/v2\/tags?post=11346"}],"curies":[{"name":"wp","href":"https:\/\/api.w.org\/{rel}","templated":true}]}}