{"id":11353,"date":"2018-10-16T21:14:57","date_gmt":"2018-10-17T00:14:57","guid":{"rendered":"http:\/\/www.portalalerta.com.br\/?p=11353"},"modified":"2018-10-16T21:14:57","modified_gmt":"2018-10-17T00:14:57","slug":"apos-decisao-judicial-mais-de-200-presos-ja-deixaram-presidio-para-cumprir-pena-em-casa","status":"publish","type":"post","link":"https:\/\/www.portalalerta.com.br\/index.php\/2018\/10\/16\/apos-decisao-judicial-mais-de-200-presos-ja-deixaram-presidio-para-cumprir-pena-em-casa\/","title":{"rendered":"Ap\u00f3s decis\u00e3o judicial, mais de 200 presos j\u00e1 deixaram pres\u00eddio para cumprir pena em casa"},"content":{"rendered":"<p style=\"text-align: justify;\">Conforme o diretor do Conjunto Penal, o capit\u00e3o Alan Ara\u00fajo, at\u00e9 o momento a dire\u00e7\u00e3o da unidade j\u00e1 recebeu 266 decis\u00f5es, por\u00e9m algumas est\u00e3o sob an\u00e1lise.<!--more--><\/p>\n<p style=\"text-align: justify;\">Duzentos e vinte e oito presos do regime semiaberto do Conjunto Penal de Feira de Santana j\u00e1 foram liberados desde a decis\u00e3o do Juiz Waldir Viana Ribeiro J\u00fanior, titular da Vara de Execu\u00e7\u00f5es Penais do munic\u00edpio, de liberar os custodiados do regime semiaberto da unidade para cumprirem suas penas em casa.<\/p>\n<p style=\"text-align: justify;\"><img fetchpriority=\"high\" decoding=\"async\" class=\"size-full wp-image-2867 aligncenter\" src=\"http:\/\/www.portalalerta.com.br\/wp-content\/uploads\/2017\/11\/protege-1.jpg\" alt=\"\" width=\"600\" height=\"140\" \/>A decis\u00e3o, segundo o juiz, se deve ao descumprimento de itens exigidos no Termo de Ajustamento de Conduta (TAC) assinado pelo Minist\u00e9rio P\u00fablico e Secretaria Estadual de Administra\u00e7\u00e3o Penitenci\u00e1ria e Ressocializa\u00e7\u00e3o, como a falta de separa\u00e7\u00e3o nas celas entre condenados do regime semiaberto com os do regime fechado e de outras condi\u00e7\u00f5es necess\u00e1rias para o alojamento adequado dos presos.<\/p>\n<p style=\"text-align: justify;\">Conforme o diretor do Conjunto Penal, o capit\u00e3o Alan Ara\u00fajo, at\u00e9 o momento a dire\u00e7\u00e3o da unidade j\u00e1 recebeu 266 decis\u00f5es, por\u00e9m algumas n\u00e3o poder\u00e3o ser cumpridas por conta de restri\u00e7\u00f5es e outras est\u00e3o sob an\u00e1lise.<\/p>\n<p style=\"text-align: justify;\">\u201cPor exemplo, internos que respondem a alguns processos, enquanto respondem \u00e0 quest\u00e3o n\u00e3o podem ser colocados em pris\u00e3o domiciliar. Das decis\u00f5es cumpridas n\u00f3s j\u00e1 temos aqui 228 presos que foram liberados para cumprir suas penas em suas resid\u00eancias. E h\u00e1 algumas decis\u00f5es em an\u00e1lise para cumprimento. O total de presos a serem liberados depende do posicionamento da Vara de Execu\u00e7\u00e3o Penal, que at\u00e9 o momento nos encaminhou 266\u201d, afirmou o capit\u00e3o.<\/p>\n<p style=\"text-align: justify;\">Ele informou ainda que neste per\u00edodo est\u00e3o sendo realizadas algumas transfer\u00eancias de presos entre pavilh\u00f5es, como parte da rotina. \u201c\u00c9 uma mobiliza\u00e7\u00e3o necess\u00e1ria, porque a partir do momento que alguns presos s\u00e3o retirados, essa popula\u00e7\u00e3o precisa ser recomposta. Mas todos os cuidados est\u00e3o sendo tomados para que sejam feitas de forma correta e atendendo ao que o judici\u00e1rio determina.\u201d<\/p>\n<p><em>Fonte: Acorda Cidade \u00a0<\/em><\/p>\n","protected":false},"excerpt":{"rendered":"<p>Conforme o diretor do Conjunto Penal, o capit\u00e3o Alan Ara\u00fajo, at\u00e9 o momento a dire\u00e7\u00e3o da unidade j\u00e1 recebeu 266 decis\u00f5es, por\u00e9m algumas est\u00e3o sob an\u00e1lise.<\/p>\n","protected":false},"author":2,"featured_media":10817,"comment_status":"open","ping_status":"open","sticky":false,"template":"","format":"standard","meta":{"om_disable_all_campaigns":false,"_monsterinsights_skip_tracking":false,"_monsterinsights_sitenote_active":false,"_monsterinsights_sitenote_note":"","_monsterinsights_sitenote_category":0,"footnotes":""},"categories":[33,70,69,22],"tags":[377,270,218,268,110],"class_list":["post-11353","post","type-post","status-publish","format-standard","has-post-thumbnail","hentry","category-bahia","category-destaques","category-noticias2","category-seguranca","tag-feira-de-santana","tag-justica","tag-liberdade","tag-presidio","tag-presos"],"aioseo_notices":[],"_links":{"self":[{"href":"https:\/\/www.portalalerta.com.br\/index.php\/wp-json\/wp\/v2\/posts\/11353","targetHints":{"allow":["GET"]}}],"collection":[{"href":"https:\/\/www.portalalerta.com.br\/index.php\/wp-json\/wp\/v2\/posts"}],"about":[{"href":"https:\/\/www.portalalerta.com.br\/index.php\/wp-json\/wp\/v2\/types\/post"}],"author":[{"embeddable":true,"href":"https:\/\/www.portalalerta.com.br\/index.php\/wp-json\/wp\/v2\/users\/2"}],"replies":[{"embeddable":true,"href":"https:\/\/www.portalalerta.com.br\/index.php\/wp-json\/wp\/v2\/comments?post=11353"}],"version-history":[{"count":0,"href":"https:\/\/www.portalalerta.com.br\/index.php\/wp-json\/wp\/v2\/posts\/11353\/revisions"}],"wp:featuredmedia":[{"embeddable":true,"href":"https:\/\/www.portalalerta.com.br\/index.php\/wp-json\/wp\/v2\/media\/10817"}],"wp:attachment":[{"href":"https:\/\/www.portalalerta.com.br\/index.php\/wp-json\/wp\/v2\/media?parent=11353"}],"wp:term":[{"taxonomy":"category","embeddable":true,"href":"https:\/\/www.portalalerta.com.br\/index.php\/wp-json\/wp\/v2\/categories?post=11353"},{"taxonomy":"post_tag","embeddable":true,"href":"https:\/\/www.portalalerta.com.br\/index.php\/wp-json\/wp\/v2\/tags?post=11353"}],"curies":[{"name":"wp","href":"https:\/\/api.w.org\/{rel}","templated":true}]}}