{"id":11414,"date":"2018-10-18T15:16:53","date_gmt":"2018-10-18T18:16:53","guid":{"rendered":"http:\/\/www.portalalerta.com.br\/?p=11414"},"modified":"2018-10-18T15:16:53","modified_gmt":"2018-10-18T18:16:53","slug":"idoso-suspeito-de-abusar-de-neto-e-preso-no-interior-do-estado","status":"publish","type":"post","link":"https:\/\/www.portalalerta.com.br\/index.php\/2018\/10\/18\/idoso-suspeito-de-abusar-de-neto-e-preso-no-interior-do-estado\/","title":{"rendered":"Idoso suspeito de abusar de neto \u00e9 preso no interior do estado"},"content":{"rendered":"<p style=\"text-align: justify;\">Nicolau \u00e9 suspeito de abusar do neto desde que o garoto tinha 10 anos<!--more--><\/p>\n<p style=\"text-align: justify;\"><img fetchpriority=\"high\" decoding=\"async\" class=\"size-full wp-image-2902 alignleft\" src=\"http:\/\/www.portalalerta.com.br\/wp-content\/uploads\/2017\/11\/elab-2.jpg\" alt=\"\" width=\"310\" height=\"200\" srcset=\"https:\/\/www.portalalerta.com.br\/wp-content\/uploads\/2017\/11\/elab-2.jpg 310w, https:\/\/www.portalalerta.com.br\/wp-content\/uploads\/2017\/11\/elab-2-226x146.jpg 226w, https:\/\/www.portalalerta.com.br\/wp-content\/uploads\/2017\/11\/elab-2-50x32.jpg 50w, https:\/\/www.portalalerta.com.br\/wp-content\/uploads\/2017\/11\/elab-2-116x75.jpg 116w\" sizes=\"(max-width: 310px) 100vw, 310px\" \/>Um idoso de 60 anos foi preso nesta quarta-feira, 17, no munic\u00edpio de Macurur\u00e9, a 478 km de Salvador, por abusar do neto desde que a v\u00edtima tinha 10 anos. Segundo a Secretaria de Seguran\u00e7a P\u00fablica da Bahia (SSP-BA), Nicolau Lima Souza, conhecido como Nico, estava no povoado Salgado do mel\u00e3o quando teve o mandado de pris\u00e3o cumprido por agentes do 20\u00ba Batalh\u00e3o de Pol\u00edcia Militar (BPM).<\/p>\n<p style=\"text-align: justify;\">\u201cA fam\u00edlia denunciou o idoso ap\u00f3s o estupro, que ocorreu quando o garoto completou os 13 anos. Ele foi preso em sua resid\u00eancia e encaminhado para a Delegacia\u201d, explicou o comandante do 20\u00ba BPM, tenente-coronel Carlos Humberto Moreira.<\/p>\n<p style=\"text-align: justify;\"><em>Fonte: A Tarde<\/em><\/p>\n","protected":false},"excerpt":{"rendered":"<p>Nicolau \u00e9 suspeito de abusar do neto desde que o garoto tinha 10 anos<\/p>\n","protected":false},"author":2,"featured_media":11415,"comment_status":"open","ping_status":"open","sticky":false,"template":"","format":"standard","meta":{"om_disable_all_campaigns":false,"_monsterinsights_skip_tracking":false,"_monsterinsights_sitenote_active":false,"_monsterinsights_sitenote_note":"","_monsterinsights_sitenote_category":0,"footnotes":""},"categories":[33,70,69,22],"tags":[56,355,1691,1692,79,77],"class_list":["post-11414","post","type-post","status-publish","format-standard","has-post-thumbnail","hentry","category-bahia","category-destaques","category-noticias2","category-seguranca","tag-estupro","tag-idoso","tag-macurure","tag-neto","tag-policia-militar","tag-preso"],"aioseo_notices":[],"_links":{"self":[{"href":"https:\/\/www.portalalerta.com.br\/index.php\/wp-json\/wp\/v2\/posts\/11414","targetHints":{"allow":["GET"]}}],"collection":[{"href":"https:\/\/www.portalalerta.com.br\/index.php\/wp-json\/wp\/v2\/posts"}],"about":[{"href":"https:\/\/www.portalalerta.com.br\/index.php\/wp-json\/wp\/v2\/types\/post"}],"author":[{"embeddable":true,"href":"https:\/\/www.portalalerta.com.br\/index.php\/wp-json\/wp\/v2\/users\/2"}],"replies":[{"embeddable":true,"href":"https:\/\/www.portalalerta.com.br\/index.php\/wp-json\/wp\/v2\/comments?post=11414"}],"version-history":[{"count":0,"href":"https:\/\/www.portalalerta.com.br\/index.php\/wp-json\/wp\/v2\/posts\/11414\/revisions"}],"wp:featuredmedia":[{"embeddable":true,"href":"https:\/\/www.portalalerta.com.br\/index.php\/wp-json\/wp\/v2\/media\/11415"}],"wp:attachment":[{"href":"https:\/\/www.portalalerta.com.br\/index.php\/wp-json\/wp\/v2\/media?parent=11414"}],"wp:term":[{"taxonomy":"category","embeddable":true,"href":"https:\/\/www.portalalerta.com.br\/index.php\/wp-json\/wp\/v2\/categories?post=11414"},{"taxonomy":"post_tag","embeddable":true,"href":"https:\/\/www.portalalerta.com.br\/index.php\/wp-json\/wp\/v2\/tags?post=11414"}],"curies":[{"name":"wp","href":"https:\/\/api.w.org\/{rel}","templated":true}]}}