{"id":11424,"date":"2018-10-18T15:41:48","date_gmt":"2018-10-18T18:41:48","guid":{"rendered":"http:\/\/www.portalalerta.com.br\/?p=11424"},"modified":"2018-10-18T15:41:48","modified_gmt":"2018-10-18T18:41:48","slug":"professores-sao-assaltados-em-onibus-escolar-em-araci-ba","status":"publish","type":"post","link":"https:\/\/www.portalalerta.com.br\/index.php\/2018\/10\/18\/professores-sao-assaltados-em-onibus-escolar-em-araci-ba\/","title":{"rendered":"Professores s\u00e3o assaltados em \u00f4nibus escolar, em Araci-BA"},"content":{"rendered":"<p style=\"text-align: justify;\">Uma dupla armada a bordo de uma motocicleta na cor escura assaltaram na manh\u00e3 de quarta-feira (17), pr\u00f3ximo a localidade de Bela Vista, zona rural de Araci-BA, um \u00f4nibus escolar que transportava professores e profissionais da educa\u00e7\u00e3o.<!--more--><\/p>\n<p style=\"text-align: justify;\"><img fetchpriority=\"high\" decoding=\"async\" class=\"size-thumbnail wp-image-9568 alignleft\" src=\"http:\/\/www.portalalerta.com.br\/wp-content\/uploads\/2018\/08\/Real-Estilo-320x240.jpeg\" alt=\"\" width=\"320\" height=\"240\" srcset=\"https:\/\/www.portalalerta.com.br\/wp-content\/uploads\/2018\/08\/Real-Estilo-320x240.jpeg 320w, https:\/\/www.portalalerta.com.br\/wp-content\/uploads\/2018\/08\/Real-Estilo-195x146.jpeg 195w, https:\/\/www.portalalerta.com.br\/wp-content\/uploads\/2018\/08\/Real-Estilo-50x38.jpeg 50w, https:\/\/www.portalalerta.com.br\/wp-content\/uploads\/2018\/08\/Real-Estilo-100x75.jpeg 100w, https:\/\/www.portalalerta.com.br\/wp-content\/uploads\/2018\/08\/Real-Estilo.jpeg 400w\" sizes=\"(max-width: 320px) 100vw, 320px\" \/>De acordo com informa\u00e7\u00f5es da Pol\u00edcia Militar, a dupla\u00a0visualizou o ve\u00edculo escolar, realizou alguns disparos para o alto para intimidar o motorista do \u00f4nibus, e que em dado momento antes de uma ponte, se aproveitaram de alguns animais soltos na pista, pararam a motocicleta em frente ao ve\u00edculo obrigando a parada do mesmo.<\/p>\n<p style=\"text-align: justify;\">Um dos indiv\u00edduos estava com uma touca preta e o outro de capacete, e ao entrarem no coletivo um deles ainda chamou o motorista pelo nome, e ap\u00f3s saquearem todos os ocupantes, subtraindo v\u00e1rios celulares, carteiras e bolsas, ao descerem do \u00f4nibus efetuaram mais dois disparos de arma de fogo em dire\u00e7\u00e3o ao pneu e lataria.<\/p>\n<p style=\"text-align: justify;\">Assim que souberam do crime, policiais militares realizaram buscas na regi\u00e3o, por\u00e9m at\u00e9 o momento nenhum suspeito foi preso.<\/p>\n<p style=\"text-align: justify;\"><em>Fonte: A Voz do Campo<\/em><\/p>\n","protected":false},"excerpt":{"rendered":"<p>Uma dupla armada a bordo de uma motocicleta na cor escura assaltaram na manh\u00e3 de quarta-feira (17), pr\u00f3ximo a localidade de Bela Vista, zona rural de Araci-BA, um \u00f4nibus escolar que transportava professores e profissionais da educa\u00e7\u00e3o.<\/p>\n","protected":false},"author":2,"featured_media":6323,"comment_status":"open","ping_status":"open","sticky":false,"template":"","format":"standard","meta":{"om_disable_all_campaigns":false,"_monsterinsights_skip_tracking":false,"_monsterinsights_sitenote_active":false,"_monsterinsights_sitenote_note":"","_monsterinsights_sitenote_category":0,"footnotes":""},"categories":[41,70,69,32,22],"tags":[48,564,922,184,139],"class_list":["post-11424","post","type-post","status-publish","format-standard","has-post-thumbnail","hentry","category-araci","category-destaques","category-noticias2","category-regiao","category-seguranca","tag-araci","tag-assalto-a-onibus","tag-onibus","tag-professores","tag-zona-rural"],"aioseo_notices":[],"_links":{"self":[{"href":"https:\/\/www.portalalerta.com.br\/index.php\/wp-json\/wp\/v2\/posts\/11424","targetHints":{"allow":["GET"]}}],"collection":[{"href":"https:\/\/www.portalalerta.com.br\/index.php\/wp-json\/wp\/v2\/posts"}],"about":[{"href":"https:\/\/www.portalalerta.com.br\/index.php\/wp-json\/wp\/v2\/types\/post"}],"author":[{"embeddable":true,"href":"https:\/\/www.portalalerta.com.br\/index.php\/wp-json\/wp\/v2\/users\/2"}],"replies":[{"embeddable":true,"href":"https:\/\/www.portalalerta.com.br\/index.php\/wp-json\/wp\/v2\/comments?post=11424"}],"version-history":[{"count":0,"href":"https:\/\/www.portalalerta.com.br\/index.php\/wp-json\/wp\/v2\/posts\/11424\/revisions"}],"wp:featuredmedia":[{"embeddable":true,"href":"https:\/\/www.portalalerta.com.br\/index.php\/wp-json\/wp\/v2\/media\/6323"}],"wp:attachment":[{"href":"https:\/\/www.portalalerta.com.br\/index.php\/wp-json\/wp\/v2\/media?parent=11424"}],"wp:term":[{"taxonomy":"category","embeddable":true,"href":"https:\/\/www.portalalerta.com.br\/index.php\/wp-json\/wp\/v2\/categories?post=11424"},{"taxonomy":"post_tag","embeddable":true,"href":"https:\/\/www.portalalerta.com.br\/index.php\/wp-json\/wp\/v2\/tags?post=11424"}],"curies":[{"name":"wp","href":"https:\/\/api.w.org\/{rel}","templated":true}]}}