{"id":11436,"date":"2018-10-19T13:07:28","date_gmt":"2018-10-19T16:07:28","guid":{"rendered":"http:\/\/www.portalalerta.com.br\/?p=11436"},"modified":"2018-10-19T13:07:28","modified_gmt":"2018-10-19T16:07:28","slug":"tse-rejeita-pedido-para-proibir-uso-de-video-de-cid-gomes-na-propaganda-de-bolsonaro","status":"publish","type":"post","link":"https:\/\/www.portalalerta.com.br\/index.php\/2018\/10\/19\/tse-rejeita-pedido-para-proibir-uso-de-video-de-cid-gomes-na-propaganda-de-bolsonaro\/","title":{"rendered":"TSE rejeita pedido para proibir uso de v\u00eddeo de Cid Gomes na propaganda de Bolsonaro"},"content":{"rendered":"<p style=\"text-align: justify;\">O ministro Luis Felipe Salom\u00e3o, do Tribunal Superior Eleitoral (TSE), rejeitou o pedido para proibir o candidato \u00e0 presid\u00eancia Jair Bolsonaro (PSL) de exibir na propaganda eleitoral o discurso de Cid Gomes (PDT) criticando o PT.<!--more--><\/p>\n<p style=\"text-align: justify;\"><img fetchpriority=\"high\" decoding=\"async\" class=\"size-full wp-image-2902 alignleft\" src=\"http:\/\/www.portalalerta.com.br\/wp-content\/uploads\/2017\/11\/elab-2.jpg\" alt=\"\" width=\"310\" height=\"200\" srcset=\"https:\/\/www.portalalerta.com.br\/wp-content\/uploads\/2017\/11\/elab-2.jpg 310w, https:\/\/www.portalalerta.com.br\/wp-content\/uploads\/2017\/11\/elab-2-226x146.jpg 226w, https:\/\/www.portalalerta.com.br\/wp-content\/uploads\/2017\/11\/elab-2-50x32.jpg 50w, https:\/\/www.portalalerta.com.br\/wp-content\/uploads\/2017\/11\/elab-2-116x75.jpg 116w\" sizes=\"(max-width: 310px) 100vw, 310px\" \/>O pr\u00f3prio Cid pediu ao TSE a suspens\u00e3o da propaganda de Bolsonaro com o v\u00eddeo, alegando que n\u00e3o autorizou o uso de sua imagem. As informa\u00e7\u00f5es s\u00e3o do G1.<\/p>\n<p style=\"text-align: justify;\"><em>Fonte: Boc\u00e3o News<\/em><\/p>\n","protected":false},"excerpt":{"rendered":"<p>O ministro Luis Felipe Salom\u00e3o, do Tribunal Superior Eleitoral (TSE), rejeitou o pedido para proibir o candidato \u00e0 presid\u00eancia Jair Bolsonaro (PSL) de exibir na propaganda eleitoral o discurso de Cid Gomes (PDT) criticando o PT.<\/p>\n","protected":false},"author":2,"featured_media":11437,"comment_status":"open","ping_status":"open","sticky":false,"template":"","format":"standard","meta":{"om_disable_all_campaigns":false,"_monsterinsights_skip_tracking":false,"_monsterinsights_sitenote_active":false,"_monsterinsights_sitenote_note":"","_monsterinsights_sitenote_category":0,"footnotes":""},"categories":[34,70,69,21],"tags":[93,1701,1395,216,29],"class_list":["post-11436","post","type-post","status-publish","format-standard","has-post-thumbnail","hentry","category-brasil","category-destaques","category-noticias2","category-politica","tag-brasil","tag-cid-gomes","tag-jair-bolsonaro","tag-stf","tag-video"],"aioseo_notices":[],"_links":{"self":[{"href":"https:\/\/www.portalalerta.com.br\/index.php\/wp-json\/wp\/v2\/posts\/11436","targetHints":{"allow":["GET"]}}],"collection":[{"href":"https:\/\/www.portalalerta.com.br\/index.php\/wp-json\/wp\/v2\/posts"}],"about":[{"href":"https:\/\/www.portalalerta.com.br\/index.php\/wp-json\/wp\/v2\/types\/post"}],"author":[{"embeddable":true,"href":"https:\/\/www.portalalerta.com.br\/index.php\/wp-json\/wp\/v2\/users\/2"}],"replies":[{"embeddable":true,"href":"https:\/\/www.portalalerta.com.br\/index.php\/wp-json\/wp\/v2\/comments?post=11436"}],"version-history":[{"count":0,"href":"https:\/\/www.portalalerta.com.br\/index.php\/wp-json\/wp\/v2\/posts\/11436\/revisions"}],"wp:featuredmedia":[{"embeddable":true,"href":"https:\/\/www.portalalerta.com.br\/index.php\/wp-json\/wp\/v2\/media\/11437"}],"wp:attachment":[{"href":"https:\/\/www.portalalerta.com.br\/index.php\/wp-json\/wp\/v2\/media?parent=11436"}],"wp:term":[{"taxonomy":"category","embeddable":true,"href":"https:\/\/www.portalalerta.com.br\/index.php\/wp-json\/wp\/v2\/categories?post=11436"},{"taxonomy":"post_tag","embeddable":true,"href":"https:\/\/www.portalalerta.com.br\/index.php\/wp-json\/wp\/v2\/tags?post=11436"}],"curies":[{"name":"wp","href":"https:\/\/api.w.org\/{rel}","templated":true}]}}