{"id":11453,"date":"2018-10-22T13:14:32","date_gmt":"2018-10-22T16:14:32","guid":{"rendered":"http:\/\/www.portalalerta.com.br\/?p=11453"},"modified":"2018-10-22T13:14:32","modified_gmt":"2018-10-22T16:14:32","slug":"aviao-e-apreendido-e-3-sao-presos-por-transporte-interestadual-de-drogas-na-bahia","status":"publish","type":"post","link":"https:\/\/www.portalalerta.com.br\/index.php\/2018\/10\/22\/aviao-e-apreendido-e-3-sao-presos-por-transporte-interestadual-de-drogas-na-bahia\/","title":{"rendered":"Avi\u00e3o \u00e9 apreendido e 3 s\u00e3o presos por transporte interestadual de drogas, na Bahia"},"content":{"rendered":"<p style=\"text-align: justify;\">Um avi\u00e3o usado para transportar drogas foi apreendido e tr\u00eas homens que estavam na aeronave foram presos pela Pol\u00edcia Civil. A a\u00e7\u00e3o ocorreu na tarde deste s\u00e1bado (20) em Vit\u00f3ria da Conquista, no sudoeste da Bahia. Segundo a Secretaria da Seguran\u00e7a P\u00fablica (SSP-BA), o avi\u00e3o estava envolvido em um esquema de transporte interestadual de drogas e a quadrilha era monitorada h\u00e1 1 ano e meio. O grupo buscava pasta base de coca\u00edna, na Bol\u00edvia, passava pelo Par\u00e1 e depois distribu\u00eda a droga para outros estados brasileiros.<!--more--><\/p>\n<p style=\"text-align: justify;\"><img fetchpriority=\"high\" decoding=\"async\" class=\"size-thumbnail wp-image-4869 aligncenter\" src=\"http:\/\/www.portalalerta.com.br\/wp-content\/uploads\/2018\/02\/Auto-Escola-Nobre-720x181.jpg\" alt=\"\" width=\"720\" height=\"181\" srcset=\"https:\/\/www.portalalerta.com.br\/wp-content\/uploads\/2018\/02\/Auto-Escola-Nobre.jpg 720w, https:\/\/www.portalalerta.com.br\/wp-content\/uploads\/2018\/02\/Auto-Escola-Nobre-260x65.jpg 260w, https:\/\/www.portalalerta.com.br\/wp-content\/uploads\/2018\/02\/Auto-Escola-Nobre-50x13.jpg 50w, https:\/\/www.portalalerta.com.br\/wp-content\/uploads\/2018\/02\/Auto-Escola-Nobre-150x38.jpg 150w\" sizes=\"(max-width: 720px) 100vw, 720px\" \/>Ainda segundo a SSP-BA, a\u00e7\u00f5es de intelig\u00eancia da 10\u00aa Coordenadoria Regional de Pol\u00edcia do Interior (Coorpin\/Vit\u00f3ria da Conquista), DTE e DRFR identificaram uma pista clandestina, em uma fazenda, na regi\u00e3o da Baixa do Coc\u00e1, distante 37 km de Conquista. Com informa\u00e7\u00e3o de que uma nova remessa estava sendo entregue, as equipes cercaram o local e conseguiram evitar nova decolagem do avi\u00e3o.<\/p>\n<p style=\"text-align: justify;\">Foram presos em flagrante os paraenses Diogo T\u00falio Pereira Dion\u00edsio (piloto) e Francisco Cleiton Passos de Oliveira, al\u00e9m do baiano L\u00e1zaro Santos Sacerdote. O trio confessou que repassou uma carga de pasta base de coca\u00edna e iriam voltar para cidade de Itaituba, no interior paraense. Com o trio os policiais civis apreenderam o avi\u00e3o monomotor da marca Cessna, prefixo PR_OIE, pouco mais de R$ 7 mil em esp\u00e9cie, uma pistola calibre 9mm (uso restrito) e um ve\u00edculo modelo Amarok.<\/p>\n<p style=\"text-align: justify;\">\u201cSabemos que a droga entra, no Brasil, por rios da regi\u00e3o Amaz\u00f4nica e, de Itaituba, \u00e9 enviada para diversos destinos. O trabalho de intelig\u00eancia segue em busca de outros envolvidos\u201d, contou o titular da 10\u00aa Coorpin\/Vit\u00f3ria da Conquista, delegado Cl\u00e9ber Rocha Andrade. Diogo, Francisco e L\u00e1zaro foram autuados por associa\u00e7\u00e3o criminosa, porte ilegal de arma e resist\u00eancia devido a tentativa de fuga.<\/p>\n<p style=\"text-align: justify;\"><em>Fonte: Canabrava FM<\/em><\/p>\n<p style=\"text-align: justify;\"><em>Com informa\u00e7\u00f5es: BahiaNoticias<\/em><\/p>\n","protected":false},"excerpt":{"rendered":"<p>Um avi\u00e3o usado para transportar drogas foi apreendido e tr\u00eas homens que estavam na aeronave foram presos pela Pol\u00edcia Civil. A a\u00e7\u00e3o ocorreu na tarde deste s\u00e1bado (20) em Vit\u00f3ria da Conquista, no sudoeste da Bahia. Segundo a Secretaria da Seguran\u00e7a P\u00fablica (SSP-BA), o avi\u00e3o estava envolvido em um esquema de transporte interestadual de drogas &hellip;<\/p>\n","protected":false},"author":2,"featured_media":11454,"comment_status":"open","ping_status":"open","sticky":false,"template":"","format":"standard","meta":{"om_disable_all_campaigns":false,"_monsterinsights_skip_tracking":false,"_monsterinsights_sitenote_active":false,"_monsterinsights_sitenote_note":"","_monsterinsights_sitenote_category":0,"footnotes":""},"categories":[33,34,70,69,22],"tags":[143,324,54,122,110,256,76,242],"class_list":["post-11453","post","type-post","status-publish","format-standard","has-post-thumbnail","hentry","category-bahia","category-brasil","category-destaques","category-noticias2","category-seguranca","tag-apreensao","tag-aviao","tag-bahia","tag-policia-civil","tag-presos","tag-ssp","tag-trafico-de-drogas","tag-vitoria-da-conquista"],"aioseo_notices":[],"_links":{"self":[{"href":"https:\/\/www.portalalerta.com.br\/index.php\/wp-json\/wp\/v2\/posts\/11453","targetHints":{"allow":["GET"]}}],"collection":[{"href":"https:\/\/www.portalalerta.com.br\/index.php\/wp-json\/wp\/v2\/posts"}],"about":[{"href":"https:\/\/www.portalalerta.com.br\/index.php\/wp-json\/wp\/v2\/types\/post"}],"author":[{"embeddable":true,"href":"https:\/\/www.portalalerta.com.br\/index.php\/wp-json\/wp\/v2\/users\/2"}],"replies":[{"embeddable":true,"href":"https:\/\/www.portalalerta.com.br\/index.php\/wp-json\/wp\/v2\/comments?post=11453"}],"version-history":[{"count":0,"href":"https:\/\/www.portalalerta.com.br\/index.php\/wp-json\/wp\/v2\/posts\/11453\/revisions"}],"wp:featuredmedia":[{"embeddable":true,"href":"https:\/\/www.portalalerta.com.br\/index.php\/wp-json\/wp\/v2\/media\/11454"}],"wp:attachment":[{"href":"https:\/\/www.portalalerta.com.br\/index.php\/wp-json\/wp\/v2\/media?parent=11453"}],"wp:term":[{"taxonomy":"category","embeddable":true,"href":"https:\/\/www.portalalerta.com.br\/index.php\/wp-json\/wp\/v2\/categories?post=11453"},{"taxonomy":"post_tag","embeddable":true,"href":"https:\/\/www.portalalerta.com.br\/index.php\/wp-json\/wp\/v2\/tags?post=11453"}],"curies":[{"name":"wp","href":"https:\/\/api.w.org\/{rel}","templated":true}]}}