{"id":11458,"date":"2018-10-22T14:01:50","date_gmt":"2018-10-22T17:01:50","guid":{"rendered":"http:\/\/www.portalalerta.com.br\/?p=11458"},"modified":"2018-10-22T14:01:50","modified_gmt":"2018-10-22T17:01:50","slug":"chuva-causa-alagamentos-em-ruas-e-casas-de-alagoinhas-ba","status":"publish","type":"post","link":"https:\/\/www.portalalerta.com.br\/index.php\/2018\/10\/22\/chuva-causa-alagamentos-em-ruas-e-casas-de-alagoinhas-ba\/","title":{"rendered":"Chuva causa alagamentos em ruas e casas de Alagoinhas-BA"},"content":{"rendered":"<p style=\"text-align: justify;\">As fortes chuvas que atingiram a cidade de Alagoinhas (a 110km de Salvador) neste fim de semana causaram alagamentos em diferentes regi\u00f5es do munic\u00edpio. Segundo a prefeitura, at\u00e9 as 11h de domingo, 21, foram registrados 60mm de de volume de chuva, superando, em alguns momentos, a m\u00e9dia pluviom\u00e9trica prevista para todo o m\u00eas de outubro.\u00a0<!--more--><\/p>\n<p style=\"text-align: justify;\"><img fetchpriority=\"high\" decoding=\"async\" class=\"size-thumbnail wp-image-9568 alignleft\" src=\"http:\/\/www.portalalerta.com.br\/wp-content\/uploads\/2018\/08\/Real-Estilo-320x240.jpeg\" alt=\"\" width=\"320\" height=\"240\" srcset=\"https:\/\/www.portalalerta.com.br\/wp-content\/uploads\/2018\/08\/Real-Estilo-320x240.jpeg 320w, https:\/\/www.portalalerta.com.br\/wp-content\/uploads\/2018\/08\/Real-Estilo-195x146.jpeg 195w, https:\/\/www.portalalerta.com.br\/wp-content\/uploads\/2018\/08\/Real-Estilo-50x38.jpeg 50w, https:\/\/www.portalalerta.com.br\/wp-content\/uploads\/2018\/08\/Real-Estilo-100x75.jpeg 100w, https:\/\/www.portalalerta.com.br\/wp-content\/uploads\/2018\/08\/Real-Estilo.jpeg 400w\" sizes=\"(max-width: 320px) 100vw, 320px\" \/>A lama provocada pelos alagamentos chegou a invadir as casas de moradores das localidades de Cavada, Silva Jardim, Nova Esperan\u00e7a e no Parque da Jaqueira, entre outras.<\/p>\n<p style=\"text-align: justify;\">Uma for\u00e7a-tarefa foi montada para minimizar os efeitos das chuvas. Em uma a\u00e7\u00e3o integrada, profissionais das secretarias de Infraestrutura e de Servi\u00e7os P\u00fablicos, al\u00e9m do Servi\u00e7o Aut\u00f4nomo de \u00c1gua e Esgoto, estiveram nos locais mais afetados para a recupera\u00e7\u00e3o de pontos emergenciais.<\/p>\n<p style=\"text-align: justify;\">&#8220;Dentro das medidas emergenciais e com as equipes em campo, ap\u00f3s a chuva deste final de semana, Alagoinhas permanece em alerta. A previs\u00e3o, de acordo com o Portal Clima Tempo, \u00e9 de que o munic\u00edpio continue registrando chuva para os pr\u00f3ximos dias. A fim de solucionar imediatamente os danos causados, a for\u00e7a-tarefa da Prefeitura segue fazendo a recomposi\u00e7\u00e3o dos locais afetados&#8221;, ressaltou em nota a Prefeitura.<\/p>\n<figure id=\"attachment_11459\" aria-describedby=\"caption-attachment-11459\" style=\"width: 500px\" class=\"wp-caption aligncenter\"><img decoding=\"async\" class=\"wp-image-11459 size-full\" src=\"http:\/\/www.portalalerta.com.br\/wp-content\/uploads\/2018\/10\/chuva-em-Alagoinhas-2018.1.jpg\" alt=\"\" width=\"500\" height=\"350\" srcset=\"https:\/\/www.portalalerta.com.br\/wp-content\/uploads\/2018\/10\/chuva-em-Alagoinhas-2018.1.jpg 500w, https:\/\/www.portalalerta.com.br\/wp-content\/uploads\/2018\/10\/chuva-em-Alagoinhas-2018.1-343x240.jpg 343w, https:\/\/www.portalalerta.com.br\/wp-content\/uploads\/2018\/10\/chuva-em-Alagoinhas-2018.1-209x146.jpg 209w, https:\/\/www.portalalerta.com.br\/wp-content\/uploads\/2018\/10\/chuva-em-Alagoinhas-2018.1-50x35.jpg 50w, https:\/\/www.portalalerta.com.br\/wp-content\/uploads\/2018\/10\/chuva-em-Alagoinhas-2018.1-107x75.jpg 107w\" sizes=\"(max-width: 500px) 100vw, 500px\" \/><figcaption id=\"caption-attachment-11459\" class=\"wp-caption-text\">Em for\u00e7a-tarefa, agentes limpam casas que foram invadidas pela lama<\/figcaption><\/figure>\n<p style=\"text-align: justify;\"><em>Fonte: A Tarde <\/em><\/p>\n","protected":false},"excerpt":{"rendered":"<p>As fortes chuvas que atingiram a cidade de Alagoinhas (a 110km de Salvador) neste fim de semana causaram alagamentos em diferentes regi\u00f5es do munic\u00edpio. Segundo a prefeitura, at\u00e9 as 11h de domingo, 21, foram registrados 60mm de de volume de chuva, superando, em alguns momentos, a m\u00e9dia pluviom\u00e9trica prevista para todo o m\u00eas de outubro.\u00a0<\/p>\n","protected":false},"author":2,"featured_media":11460,"comment_status":"open","ping_status":"open","sticky":false,"template":"","format":"standard","meta":{"om_disable_all_campaigns":false,"_monsterinsights_skip_tracking":false,"_monsterinsights_sitenote_active":false,"_monsterinsights_sitenote_note":"","_monsterinsights_sitenote_category":0,"footnotes":""},"categories":[33,70,69],"tags":[177,54,569],"class_list":["post-11458","post","type-post","status-publish","format-standard","has-post-thumbnail","hentry","category-bahia","category-destaques","category-noticias2","tag-alagoinhas","tag-bahia","tag-chuva"],"aioseo_notices":[],"_links":{"self":[{"href":"https:\/\/www.portalalerta.com.br\/index.php\/wp-json\/wp\/v2\/posts\/11458","targetHints":{"allow":["GET"]}}],"collection":[{"href":"https:\/\/www.portalalerta.com.br\/index.php\/wp-json\/wp\/v2\/posts"}],"about":[{"href":"https:\/\/www.portalalerta.com.br\/index.php\/wp-json\/wp\/v2\/types\/post"}],"author":[{"embeddable":true,"href":"https:\/\/www.portalalerta.com.br\/index.php\/wp-json\/wp\/v2\/users\/2"}],"replies":[{"embeddable":true,"href":"https:\/\/www.portalalerta.com.br\/index.php\/wp-json\/wp\/v2\/comments?post=11458"}],"version-history":[{"count":0,"href":"https:\/\/www.portalalerta.com.br\/index.php\/wp-json\/wp\/v2\/posts\/11458\/revisions"}],"wp:featuredmedia":[{"embeddable":true,"href":"https:\/\/www.portalalerta.com.br\/index.php\/wp-json\/wp\/v2\/media\/11460"}],"wp:attachment":[{"href":"https:\/\/www.portalalerta.com.br\/index.php\/wp-json\/wp\/v2\/media?parent=11458"}],"wp:term":[{"taxonomy":"category","embeddable":true,"href":"https:\/\/www.portalalerta.com.br\/index.php\/wp-json\/wp\/v2\/categories?post=11458"},{"taxonomy":"post_tag","embeddable":true,"href":"https:\/\/www.portalalerta.com.br\/index.php\/wp-json\/wp\/v2\/tags?post=11458"}],"curies":[{"name":"wp","href":"https:\/\/api.w.org\/{rel}","templated":true}]}}