{"id":11469,"date":"2018-10-22T17:09:25","date_gmt":"2018-10-22T20:09:25","guid":{"rendered":"http:\/\/www.portalalerta.com.br\/?p=11469"},"modified":"2018-10-22T17:09:25","modified_gmt":"2018-10-22T20:09:25","slug":"a-partir-desta-terca-23-eleitores-so-poderao-ser-presos-em-flagrante","status":"publish","type":"post","link":"https:\/\/www.portalalerta.com.br\/index.php\/2018\/10\/22\/a-partir-desta-terca-23-eleitores-so-poderao-ser-presos-em-flagrante\/","title":{"rendered":"A partir desta ter\u00e7a (23), eleitores s\u00f3 poder\u00e3o ser presos em flagrante"},"content":{"rendered":"<p style=\"text-align: justify;\">A partir desta ter\u00e7a-feira (23), cinco dias antes do segundo turno das elei\u00e7\u00f5es 2018, nenhum eleitor poder\u00e1 ser preso ou detido. A exce\u00e7\u00e3o ocorre apenas em casos de flagrante delito e ainda se houver senten\u00e7a criminal condenat\u00f3ria por crime inafian\u00e7\u00e1vel ou desrespeito a salvo-conduto. A determina\u00e7\u00e3o est\u00e1 prevista no artigo 236 do C\u00f3digo Eleitoral.<!--more--><\/p>\n<p style=\"text-align: justify;\">A ter\u00e7a-feira tamb\u00e9m \u00e9 o prazo final para que os representantes dos partidos pol\u00edticos e coliga\u00e7\u00f5es, a Ordem dos Advogados do Brasil e o Minist\u00e9rio P\u00fablico pe\u00e7am verifica\u00e7\u00e3o das assinaturas digitais do Sistema de Transporte de Arquivos da Urna Eletr\u00f4nica, do Subsistema de Instala\u00e7\u00e3o e Seguran\u00e7a e da Solu\u00e7\u00e3o JE-Connect, instalados nos equipamentos da Justi\u00e7a Eleitoral que ser\u00e3o utilizados no segundo turno.<\/p>\n<p style=\"text-align: justify;\"><img fetchpriority=\"high\" decoding=\"async\" class=\"size-full wp-image-2867 aligncenter\" src=\"http:\/\/www.portalalerta.com.br\/wp-content\/uploads\/2017\/11\/protege-1.jpg\" alt=\"\" width=\"600\" height=\"140\" \/>Os tribunais regionais eleitorais tamb\u00e9m t\u00eam at\u00e9 essa data para divulgar, na internet, os pontos de transmiss\u00e3o de dados que funcionar\u00e3o em pontos distintos do local de funcionamento da Junta Eleitoral.<\/p>\n<p style=\"text-align: justify;\">O segundo turno das elei\u00e7\u00f5es ocorre no pr\u00f3ximo dia 28 de outubro em todo o Brasil e mais 99 pa\u00edses, para a escolha do pr\u00f3ximo presidente da Rep\u00fablica. Em 13 estados e no Distrito Federal, os eleitores tamb\u00e9m ter\u00e3o que definir o governador que ir\u00e1 comandar os Executivos locais nos pr\u00f3ximos quatro anos. Em 19 munic\u00edpios ser\u00e3o realizadas as chamadas elei\u00e7\u00f5es suplementares para a escolha de novos prefeitos e vice-prefeitos.<\/p>\n<p style=\"text-align: justify;\"><em>Fonte: Boc\u00e3o News <\/em><\/p>\n","protected":false},"excerpt":{"rendered":"<p>A partir desta ter\u00e7a-feira (23), cinco dias antes do segundo turno das elei\u00e7\u00f5es 2018, nenhum eleitor poder\u00e1 ser preso ou detido. A exce\u00e7\u00e3o ocorre apenas em casos de flagrante delito e ainda se houver senten\u00e7a criminal condenat\u00f3ria por crime inafian\u00e7\u00e1vel ou desrespeito a salvo-conduto. A determina\u00e7\u00e3o est\u00e1 prevista no artigo 236 do C\u00f3digo Eleitoral.<\/p>\n","protected":false},"author":2,"featured_media":11470,"comment_status":"open","ping_status":"open","sticky":false,"template":"","format":"standard","meta":{"om_disable_all_campaigns":false,"_monsterinsights_skip_tracking":false,"_monsterinsights_sitenote_active":false,"_monsterinsights_sitenote_note":"","_monsterinsights_sitenote_category":0,"footnotes":""},"categories":[34,70,69,21,22],"tags":[124,93,381,174],"class_list":["post-11469","post","type-post","status-publish","format-standard","has-post-thumbnail","hentry","category-brasil","category-destaques","category-noticias2","category-politica","category-seguranca","tag-124","tag-brasil","tag-eleicoes","tag-prisao"],"aioseo_notices":[],"_links":{"self":[{"href":"https:\/\/www.portalalerta.com.br\/index.php\/wp-json\/wp\/v2\/posts\/11469","targetHints":{"allow":["GET"]}}],"collection":[{"href":"https:\/\/www.portalalerta.com.br\/index.php\/wp-json\/wp\/v2\/posts"}],"about":[{"href":"https:\/\/www.portalalerta.com.br\/index.php\/wp-json\/wp\/v2\/types\/post"}],"author":[{"embeddable":true,"href":"https:\/\/www.portalalerta.com.br\/index.php\/wp-json\/wp\/v2\/users\/2"}],"replies":[{"embeddable":true,"href":"https:\/\/www.portalalerta.com.br\/index.php\/wp-json\/wp\/v2\/comments?post=11469"}],"version-history":[{"count":0,"href":"https:\/\/www.portalalerta.com.br\/index.php\/wp-json\/wp\/v2\/posts\/11469\/revisions"}],"wp:featuredmedia":[{"embeddable":true,"href":"https:\/\/www.portalalerta.com.br\/index.php\/wp-json\/wp\/v2\/media\/11470"}],"wp:attachment":[{"href":"https:\/\/www.portalalerta.com.br\/index.php\/wp-json\/wp\/v2\/media?parent=11469"}],"wp:term":[{"taxonomy":"category","embeddable":true,"href":"https:\/\/www.portalalerta.com.br\/index.php\/wp-json\/wp\/v2\/categories?post=11469"},{"taxonomy":"post_tag","embeddable":true,"href":"https:\/\/www.portalalerta.com.br\/index.php\/wp-json\/wp\/v2\/tags?post=11469"}],"curies":[{"name":"wp","href":"https:\/\/api.w.org\/{rel}","templated":true}]}}