{"id":11474,"date":"2018-10-22T17:24:06","date_gmt":"2018-10-22T20:24:06","guid":{"rendered":"http:\/\/www.portalalerta.com.br\/?p=11474"},"modified":"2018-10-22T17:24:06","modified_gmt":"2018-10-22T20:24:06","slug":"justica-encontra-irregularidades-em-visita-a-conjunto-penal-de-feira-de-santana-ba","status":"publish","type":"post","link":"https:\/\/www.portalalerta.com.br\/index.php\/2018\/10\/22\/justica-encontra-irregularidades-em-visita-a-conjunto-penal-de-feira-de-santana-ba\/","title":{"rendered":"Justi\u00e7a encontra irregularidades em visita a conjunto penal de Feira de Santana-BA"},"content":{"rendered":"<p style=\"text-align: justify;\">O juiz da Vara de Execu\u00e7\u00f5es Penais Waldir Viana Ribeiro J\u00fanior realizou uma nova inspe\u00e7\u00e3o no Conjunto Penal de Feira de Santana-BA, e encontrou presos de regimes diferentes custodiados em um mesmo espa\u00e7o. O problema fez com que a Justi\u00e7a determinasse o cumprimento da S\u00famula Vinculante 56 do Supremo Tribunal Federal (STF), que estabelece que n\u00e3o podem ser mantidos no mesmo ambiente detentos com regimes de cust\u00f3dia diferenciados.<!--more--><\/p>\n<p style=\"text-align: justify;\"><img fetchpriority=\"high\" decoding=\"async\" class=\"size-full wp-image-2902 alignleft\" src=\"http:\/\/www.portalalerta.com.br\/wp-content\/uploads\/2017\/11\/elab-2.jpg\" alt=\"\" width=\"310\" height=\"200\" srcset=\"https:\/\/www.portalalerta.com.br\/wp-content\/uploads\/2017\/11\/elab-2.jpg 310w, https:\/\/www.portalalerta.com.br\/wp-content\/uploads\/2017\/11\/elab-2-226x146.jpg 226w, https:\/\/www.portalalerta.com.br\/wp-content\/uploads\/2017\/11\/elab-2-50x32.jpg 50w, https:\/\/www.portalalerta.com.br\/wp-content\/uploads\/2017\/11\/elab-2-116x75.jpg 116w\" sizes=\"(max-width: 310px) 100vw, 310px\" \/>Ao todo, mais de 200 presos j\u00e1 foram mandados para casa, em pris\u00e3o domiciliar.<\/p>\n<p style=\"text-align: justify;\">Segundo o jornal Correio, h\u00e1 uma tens\u00e3o no complexo penitenci\u00e1rio, j\u00e1 que por conta do processo de separa\u00e7\u00e3o, os \u00e2nimos entre os internos est\u00e3o acirrados. Alguns detentos resistem a ir para outro pavilh\u00e3o por conta da rivalidade entre fac\u00e7\u00f5es. Policiais militares do Batalh\u00e3o de Choque est\u00e3o na unidade desde a \u00faltima quinta-feira (18).<\/p>\n<p style=\"text-align: justify;\"><em>Fonte: R\u00e1dio Povo <\/em><\/p>\n<p style=\"text-align: justify;\"><em style=\"font-weight: inherit;\">Com informa\u00e7\u00f5es: Metro1<\/em><\/p>\n","protected":false},"excerpt":{"rendered":"<p>O juiz da Vara de Execu\u00e7\u00f5es Penais Waldir Viana Ribeiro J\u00fanior realizou uma nova inspe\u00e7\u00e3o no Conjunto Penal de Feira de Santana-BA, e encontrou presos de regimes diferentes custodiados em um mesmo espa\u00e7o. O problema fez com que a Justi\u00e7a determinasse o cumprimento da S\u00famula Vinculante 56 do Supremo Tribunal Federal (STF), que estabelece que &hellip;<\/p>\n","protected":false},"author":2,"featured_media":10817,"comment_status":"open","ping_status":"open","sticky":false,"template":"","format":"standard","meta":{"om_disable_all_campaigns":false,"_monsterinsights_skip_tracking":false,"_monsterinsights_sitenote_active":false,"_monsterinsights_sitenote_note":"","_monsterinsights_sitenote_category":0,"footnotes":""},"categories":[33,70,69,22],"tags":[377,997,462,270,268,110],"class_list":["post-11474","post","type-post","status-publish","format-standard","has-post-thumbnail","hentry","category-bahia","category-destaques","category-noticias2","category-seguranca","tag-feira-de-santana","tag-irregularidades","tag-juiz","tag-justica","tag-presidio","tag-presos"],"aioseo_notices":[],"_links":{"self":[{"href":"https:\/\/www.portalalerta.com.br\/index.php\/wp-json\/wp\/v2\/posts\/11474","targetHints":{"allow":["GET"]}}],"collection":[{"href":"https:\/\/www.portalalerta.com.br\/index.php\/wp-json\/wp\/v2\/posts"}],"about":[{"href":"https:\/\/www.portalalerta.com.br\/index.php\/wp-json\/wp\/v2\/types\/post"}],"author":[{"embeddable":true,"href":"https:\/\/www.portalalerta.com.br\/index.php\/wp-json\/wp\/v2\/users\/2"}],"replies":[{"embeddable":true,"href":"https:\/\/www.portalalerta.com.br\/index.php\/wp-json\/wp\/v2\/comments?post=11474"}],"version-history":[{"count":0,"href":"https:\/\/www.portalalerta.com.br\/index.php\/wp-json\/wp\/v2\/posts\/11474\/revisions"}],"wp:featuredmedia":[{"embeddable":true,"href":"https:\/\/www.portalalerta.com.br\/index.php\/wp-json\/wp\/v2\/media\/10817"}],"wp:attachment":[{"href":"https:\/\/www.portalalerta.com.br\/index.php\/wp-json\/wp\/v2\/media?parent=11474"}],"wp:term":[{"taxonomy":"category","embeddable":true,"href":"https:\/\/www.portalalerta.com.br\/index.php\/wp-json\/wp\/v2\/categories?post=11474"},{"taxonomy":"post_tag","embeddable":true,"href":"https:\/\/www.portalalerta.com.br\/index.php\/wp-json\/wp\/v2\/tags?post=11474"}],"curies":[{"name":"wp","href":"https:\/\/api.w.org\/{rel}","templated":true}]}}