{"id":11476,"date":"2018-10-22T17:29:24","date_gmt":"2018-10-22T20:29:24","guid":{"rendered":"http:\/\/www.portalalerta.com.br\/?p=11476"},"modified":"2018-10-22T17:29:24","modified_gmt":"2018-10-22T20:29:24","slug":"bebe-leva-25-pontos-na-cabeca-ao-ser-cortada-com-bisturi-no-parto","status":"publish","type":"post","link":"https:\/\/www.portalalerta.com.br\/index.php\/2018\/10\/22\/bebe-leva-25-pontos-na-cabeca-ao-ser-cortada-com-bisturi-no-parto\/","title":{"rendered":"Beb\u00ea leva 25 pontos na cabe\u00e7a ao ser cortada com bisturi no parto"},"content":{"rendered":"<p style=\"text-align: justify;\">Fam\u00edlia registrou um boletim de ocorr\u00eancia por les\u00e3o corporal e o caso passou a ser investigado pela Pol\u00edcia Civil.<!--more--><\/p>\n<p style=\"text-align: justify;\">Uma beb\u00ea\u00a0 rec\u00e9m-nascida levou 25 pontos ap\u00f3s ter a cabe\u00e7a cortada por um bisturi durante o parto na Santa Casa de Ara\u00e7atuba (SP). De acordo com o G1 S\u00e3o Jos\u00e9 do Rio Preto e Ara\u00e7atuba, a fam\u00edlia registrou um boletim de ocorr\u00eancia por les\u00e3o corporal e o caso passou a ser investigado pela Pol\u00edcia Civil.<\/p>\n<p style=\"text-align: justify;\">Ela ficou internada por seis dias na Unidade de Terapia Intensiva (UTI) at\u00e9 receber alta.\u00a0Foto: Arquivo pessoal<\/p>\n<p style=\"text-align: justify;\"><img fetchpriority=\"high\" decoding=\"async\" class=\"size-thumbnail wp-image-4869 aligncenter\" src=\"http:\/\/www.portalalerta.com.br\/wp-content\/uploads\/2018\/02\/Auto-Escola-Nobre-720x181.jpg\" alt=\"\" width=\"720\" height=\"181\" srcset=\"https:\/\/www.portalalerta.com.br\/wp-content\/uploads\/2018\/02\/Auto-Escola-Nobre.jpg 720w, https:\/\/www.portalalerta.com.br\/wp-content\/uploads\/2018\/02\/Auto-Escola-Nobre-260x65.jpg 260w, https:\/\/www.portalalerta.com.br\/wp-content\/uploads\/2018\/02\/Auto-Escola-Nobre-50x13.jpg 50w, https:\/\/www.portalalerta.com.br\/wp-content\/uploads\/2018\/02\/Auto-Escola-Nobre-150x38.jpg 150w\" sizes=\"(max-width: 720px) 100vw, 720px\" \/>De acordo com o registro, a m\u00e3e deu entrada no hospital depois de perder muito l\u00edquido amini\u00f3tico. A equipe m\u00e9dica decidiu fazer uma cesariana. Quando a crian\u00e7a foi retirada, o pai reparou que havia um corte no lado direito da cabe\u00e7a da filha. Ainda de acordo com o B.O., o corte teria sido provocado pelo bisturi usado para cortar a barriga da m\u00e3e. A crian\u00e7a foi encaminhada para a cirurgi\u00e3 da pediatria, que fez uma sutura com 25 pontos na cabe\u00e7a da menina. Ela ficou internada por seis dias na Unidade de Terapia Intensiva (UTI) at\u00e9 receber alta.<\/p>\n<p style=\"text-align: justify;\">O caso aconteceu em 27 de agosto, mas somente na sexta-feira (19). Ainda de acordo com o G1, a fam\u00edlia fez uma reclama\u00e7\u00e3o na ouvidoria da Santa Casa.\u00a0 Em entrevista \u00e0 TV TEM, emissora local, os pais da menina disseram que ainda est\u00e3o abalados com o ocorrido, mas que ela est\u00e1 bem de sa\u00fade.<\/p>\n<p style=\"text-align: justify;\"><em>Fonte: iBahia<\/em><\/p>\n","protected":false},"excerpt":{"rendered":"<p>Fam\u00edlia registrou um boletim de ocorr\u00eancia por les\u00e3o corporal e o caso passou a ser investigado pela Pol\u00edcia Civil.<\/p>\n","protected":false},"author":2,"featured_media":11477,"comment_status":"open","ping_status":"open","sticky":false,"template":"","format":"standard","meta":{"om_disable_all_campaigns":false,"_monsterinsights_skip_tracking":false,"_monsterinsights_sitenote_active":false,"_monsterinsights_sitenote_note":"","_monsterinsights_sitenote_category":0,"footnotes":""},"categories":[34,70,69,19,22],"tags":[166,1705,93,574,404],"class_list":["post-11476","post","type-post","status-publish","format-standard","has-post-thumbnail","hentry","category-brasil","category-destaques","category-noticias2","category-saude","category-seguranca","tag-acidente","tag-aracatuba","tag-brasil","tag-parto","tag-sao-paulo"],"aioseo_notices":[],"_links":{"self":[{"href":"https:\/\/www.portalalerta.com.br\/index.php\/wp-json\/wp\/v2\/posts\/11476","targetHints":{"allow":["GET"]}}],"collection":[{"href":"https:\/\/www.portalalerta.com.br\/index.php\/wp-json\/wp\/v2\/posts"}],"about":[{"href":"https:\/\/www.portalalerta.com.br\/index.php\/wp-json\/wp\/v2\/types\/post"}],"author":[{"embeddable":true,"href":"https:\/\/www.portalalerta.com.br\/index.php\/wp-json\/wp\/v2\/users\/2"}],"replies":[{"embeddable":true,"href":"https:\/\/www.portalalerta.com.br\/index.php\/wp-json\/wp\/v2\/comments?post=11476"}],"version-history":[{"count":0,"href":"https:\/\/www.portalalerta.com.br\/index.php\/wp-json\/wp\/v2\/posts\/11476\/revisions"}],"wp:featuredmedia":[{"embeddable":true,"href":"https:\/\/www.portalalerta.com.br\/index.php\/wp-json\/wp\/v2\/media\/11477"}],"wp:attachment":[{"href":"https:\/\/www.portalalerta.com.br\/index.php\/wp-json\/wp\/v2\/media?parent=11476"}],"wp:term":[{"taxonomy":"category","embeddable":true,"href":"https:\/\/www.portalalerta.com.br\/index.php\/wp-json\/wp\/v2\/categories?post=11476"},{"taxonomy":"post_tag","embeddable":true,"href":"https:\/\/www.portalalerta.com.br\/index.php\/wp-json\/wp\/v2\/tags?post=11476"}],"curies":[{"name":"wp","href":"https:\/\/api.w.org\/{rel}","templated":true}]}}