{"id":11496,"date":"2018-10-23T00:06:33","date_gmt":"2018-10-23T03:06:33","guid":{"rendered":"http:\/\/www.portalalerta.com.br\/?p=11496"},"modified":"2018-10-23T00:06:33","modified_gmt":"2018-10-23T03:06:33","slug":"carro-invade-contramao-e-colide-contra-onibus-de-estudantes-em-itapicuru-ba","status":"publish","type":"post","link":"https:\/\/www.portalalerta.com.br\/index.php\/2018\/10\/23\/carro-invade-contramao-e-colide-contra-onibus-de-estudantes-em-itapicuru-ba\/","title":{"rendered":"Carro invade contram\u00e3o e colide contra \u00f4nibus de estudantes em Itapicuru-BA"},"content":{"rendered":"<p style=\"text-align: justify;\">Um \u00f4nibus que transportava estudantes de um col\u00e9gio de Itapicuru-BA\u00a0\u00a0colidiu frontalmente com um carro de\u00a0passeio\u00a0na\u00a0noite deste s\u00e1bado\u00a0 (20), na BR-349, no trecho do entroncamento de Rio Real,\u00a0\u00a0no munic\u00edpio de Itapicuru-BA. Ap\u00f3s a colis\u00e3o, o carro ficou parcialmente destru\u00eddo. O \u00f4nibus sofreu danos no para-choque dianteiro.<!--more--><\/p>\n<p style=\"text-align: justify;\"><img fetchpriority=\"high\" decoding=\"async\" class=\"size-full wp-image-2867 aligncenter\" src=\"http:\/\/www.portalalerta.com.br\/wp-content\/uploads\/2017\/11\/protege-1.jpg\" alt=\"\" width=\"600\" height=\"140\" \/>O condutor do carro e o\u00a0passageiro\u00a0sofreram ferimentos mais graves e foram socorridos para o hospital. Os ocupantes do \u00f4nibus n\u00e3o se machucaram.<\/p>\n<p style=\"text-align: justify;\">Conforme informa\u00e7\u00f5es o \u00f4nibus retornava de uma\u00a0aula\u00a0de\u00a0campo\u00a0na Serra de\u00a0Itabaiana, quando a 5 km de Itapicuru colidiu de frente contra um carro de passeio que invadiu a pista contr\u00e1ria.<\/p>\n<figure id=\"attachment_11497\" aria-describedby=\"caption-attachment-11497\" style=\"width: 200px\" class=\"wp-caption aligncenter\"><img decoding=\"async\" class=\"wp-image-11497 size-full\" src=\"http:\/\/www.portalalerta.com.br\/wp-content\/uploads\/2018\/10\/Acidente-em-Itapicuru-2018.5.jpg\" alt=\"\" width=\"200\" height=\"200\" srcset=\"https:\/\/www.portalalerta.com.br\/wp-content\/uploads\/2018\/10\/Acidente-em-Itapicuru-2018.5.jpg 200w, https:\/\/www.portalalerta.com.br\/wp-content\/uploads\/2018\/10\/Acidente-em-Itapicuru-2018.5-146x146.jpg 146w, https:\/\/www.portalalerta.com.br\/wp-content\/uploads\/2018\/10\/Acidente-em-Itapicuru-2018.5-50x50.jpg 50w, https:\/\/www.portalalerta.com.br\/wp-content\/uploads\/2018\/10\/Acidente-em-Itapicuru-2018.5-75x75.jpg 75w, https:\/\/www.portalalerta.com.br\/wp-content\/uploads\/2018\/10\/Acidente-em-Itapicuru-2018.5-85x85.jpg 85w, https:\/\/www.portalalerta.com.br\/wp-content\/uploads\/2018\/10\/Acidente-em-Itapicuru-2018.5-80x80.jpg 80w\" sizes=\"(max-width: 200px) 100vw, 200px\" \/><figcaption id=\"caption-attachment-11497\" class=\"wp-caption-text\">O impacto foi t\u00e3o forte que o motor do ve\u00edculo foi arrancado.<\/figcaption><\/figure>\n<p style=\"text-align: justify;\"><em>Fonte: Itapicuru Not\u00edcias<\/em><\/p>\n","protected":false},"excerpt":{"rendered":"<p>Um \u00f4nibus que transportava estudantes de um col\u00e9gio de Itapicuru-BA\u00a0\u00a0colidiu frontalmente com um carro de\u00a0passeio\u00a0na\u00a0noite deste s\u00e1bado\u00a0 (20), na BR-349, no trecho do entroncamento de Rio Real,\u00a0\u00a0no munic\u00edpio de Itapicuru-BA. Ap\u00f3s a colis\u00e3o, o carro ficou parcialmente destru\u00eddo. O \u00f4nibus sofreu danos no para-choque dianteiro.<\/p>\n","protected":false},"author":2,"featured_media":11498,"comment_status":"open","ping_status":"open","sticky":false,"template":"","format":"standard","meta":{"om_disable_all_campaigns":false,"_monsterinsights_skip_tracking":false,"_monsterinsights_sitenote_active":false,"_monsterinsights_sitenote_note":"","_monsterinsights_sitenote_category":0,"footnotes":""},"categories":[70,18,69,32],"tags":[166,393,132,922,1708],"class_list":["post-11496","post","type-post","status-publish","format-standard","has-post-thumbnail","hentry","category-destaques","category-itapicuru","category-noticias2","category-regiao","tag-acidente","tag-feridos","tag-itapicuru","tag-onibus","tag-onibus-escolar"],"aioseo_notices":[],"_links":{"self":[{"href":"https:\/\/www.portalalerta.com.br\/index.php\/wp-json\/wp\/v2\/posts\/11496","targetHints":{"allow":["GET"]}}],"collection":[{"href":"https:\/\/www.portalalerta.com.br\/index.php\/wp-json\/wp\/v2\/posts"}],"about":[{"href":"https:\/\/www.portalalerta.com.br\/index.php\/wp-json\/wp\/v2\/types\/post"}],"author":[{"embeddable":true,"href":"https:\/\/www.portalalerta.com.br\/index.php\/wp-json\/wp\/v2\/users\/2"}],"replies":[{"embeddable":true,"href":"https:\/\/www.portalalerta.com.br\/index.php\/wp-json\/wp\/v2\/comments?post=11496"}],"version-history":[{"count":0,"href":"https:\/\/www.portalalerta.com.br\/index.php\/wp-json\/wp\/v2\/posts\/11496\/revisions"}],"wp:featuredmedia":[{"embeddable":true,"href":"https:\/\/www.portalalerta.com.br\/index.php\/wp-json\/wp\/v2\/media\/11498"}],"wp:attachment":[{"href":"https:\/\/www.portalalerta.com.br\/index.php\/wp-json\/wp\/v2\/media?parent=11496"}],"wp:term":[{"taxonomy":"category","embeddable":true,"href":"https:\/\/www.portalalerta.com.br\/index.php\/wp-json\/wp\/v2\/categories?post=11496"},{"taxonomy":"post_tag","embeddable":true,"href":"https:\/\/www.portalalerta.com.br\/index.php\/wp-json\/wp\/v2\/tags?post=11496"}],"curies":[{"name":"wp","href":"https:\/\/api.w.org\/{rel}","templated":true}]}}