{"id":11500,"date":"2018-10-23T11:07:10","date_gmt":"2018-10-23T14:07:10","guid":{"rendered":"http:\/\/www.portalalerta.com.br\/?p=11500"},"modified":"2018-10-23T11:07:10","modified_gmt":"2018-10-23T14:07:10","slug":"feira-de-santana-ba-300o-homicidio-registrado","status":"publish","type":"post","link":"https:\/\/www.portalalerta.com.br\/index.php\/2018\/10\/23\/feira-de-santana-ba-300o-homicidio-registrado\/","title":{"rendered":"Feira de Santana-BA: 300\u00ba homic\u00eddio registrado"},"content":{"rendered":"<p style=\"text-align: justify;\">Um homem identificado como Lucas Souza de Jesus, 29 anos, morreu na madrugada de segunda-feira (22), na policl\u00ednica do bairro Rua Nova. Segundo a pol\u00edcia, a v\u00edtima foi baleada nas n\u00e1degas e t\u00f3rax e socorrida para a unidade de sa\u00fade, mas n\u00e3o resistiu. O crime aconteceu no mesmo bairro. At\u00e9 o momento a autoria e o motivo s\u00e3o desconhecidos.<!--more--><\/p>\n<p style=\"text-align: justify;\"><img fetchpriority=\"high\" decoding=\"async\" class=\"size-thumbnail wp-image-9568 alignleft\" src=\"http:\/\/www.portalalerta.com.br\/wp-content\/uploads\/2018\/08\/Real-Estilo-320x240.jpeg\" alt=\"\" width=\"320\" height=\"240\" srcset=\"https:\/\/www.portalalerta.com.br\/wp-content\/uploads\/2018\/08\/Real-Estilo-320x240.jpeg 320w, https:\/\/www.portalalerta.com.br\/wp-content\/uploads\/2018\/08\/Real-Estilo-195x146.jpeg 195w, https:\/\/www.portalalerta.com.br\/wp-content\/uploads\/2018\/08\/Real-Estilo-50x38.jpeg 50w, https:\/\/www.portalalerta.com.br\/wp-content\/uploads\/2018\/08\/Real-Estilo-100x75.jpeg 100w, https:\/\/www.portalalerta.com.br\/wp-content\/uploads\/2018\/08\/Real-Estilo.jpeg 400w\" sizes=\"(max-width: 320px) 100vw, 320px\" \/>Este \u00e9 o 300\u00ba (trecent\u00e9simo) homic\u00eddio registrado em Feira de Santana-BA neste ano. Somado aos 12 latroc\u00ednios (roubo seguido de morte), o total de Crimes Violentos Letais Intencionais (CVLIs) \u00e9 312. No mesmo per\u00edodo no ano passado foram registrados 281 homic\u00eddios e 18 latroc\u00ednios, totalizando 299 CVLIs. Lucas Souza morava na Expans\u00e3o do Feira IX.<\/p>\n<p style=\"text-align: justify;\"><em>Fonte: Joilson Costa<\/em><\/p>\n<p style=\"text-align: justify;\"><em>Com informa\u00e7\u00f5es: Acorda Cidade<\/em><\/p>\n","protected":false},"excerpt":{"rendered":"<p>Um homem identificado como Lucas Souza de Jesus, 29 anos, morreu na madrugada de segunda-feira (22), na policl\u00ednica do bairro Rua Nova. Segundo a pol\u00edcia, a v\u00edtima foi baleada nas n\u00e1degas e t\u00f3rax e socorrida para a unidade de sa\u00fade, mas n\u00e3o resistiu. O crime aconteceu no mesmo bairro. At\u00e9 o momento a autoria e &hellip;<\/p>\n","protected":false},"author":2,"featured_media":3579,"comment_status":"open","ping_status":"open","sticky":false,"template":"","format":"standard","meta":{"om_disable_all_campaigns":false,"_monsterinsights_skip_tracking":false,"_monsterinsights_sitenote_active":false,"_monsterinsights_sitenote_note":"","_monsterinsights_sitenote_category":0,"footnotes":""},"categories":[33,70,69,22],"tags":[377,206,1547],"class_list":["post-11500","post","type-post","status-publish","format-standard","has-post-thumbnail","hentry","category-bahia","category-destaques","category-noticias2","category-seguranca","tag-feira-de-santana","tag-homicidio","tag-latrocinio"],"aioseo_notices":[],"_links":{"self":[{"href":"https:\/\/www.portalalerta.com.br\/index.php\/wp-json\/wp\/v2\/posts\/11500","targetHints":{"allow":["GET"]}}],"collection":[{"href":"https:\/\/www.portalalerta.com.br\/index.php\/wp-json\/wp\/v2\/posts"}],"about":[{"href":"https:\/\/www.portalalerta.com.br\/index.php\/wp-json\/wp\/v2\/types\/post"}],"author":[{"embeddable":true,"href":"https:\/\/www.portalalerta.com.br\/index.php\/wp-json\/wp\/v2\/users\/2"}],"replies":[{"embeddable":true,"href":"https:\/\/www.portalalerta.com.br\/index.php\/wp-json\/wp\/v2\/comments?post=11500"}],"version-history":[{"count":0,"href":"https:\/\/www.portalalerta.com.br\/index.php\/wp-json\/wp\/v2\/posts\/11500\/revisions"}],"wp:featuredmedia":[{"embeddable":true,"href":"https:\/\/www.portalalerta.com.br\/index.php\/wp-json\/wp\/v2\/media\/3579"}],"wp:attachment":[{"href":"https:\/\/www.portalalerta.com.br\/index.php\/wp-json\/wp\/v2\/media?parent=11500"}],"wp:term":[{"taxonomy":"category","embeddable":true,"href":"https:\/\/www.portalalerta.com.br\/index.php\/wp-json\/wp\/v2\/categories?post=11500"},{"taxonomy":"post_tag","embeddable":true,"href":"https:\/\/www.portalalerta.com.br\/index.php\/wp-json\/wp\/v2\/tags?post=11500"}],"curies":[{"name":"wp","href":"https:\/\/api.w.org\/{rel}","templated":true}]}}