{"id":11512,"date":"2018-10-23T14:11:55","date_gmt":"2018-10-23T17:11:55","guid":{"rendered":"http:\/\/www.portalalerta.com.br\/?p=11512"},"modified":"2018-10-23T14:11:55","modified_gmt":"2018-10-23T17:11:55","slug":"marina-silva-declara-voto-critico-em-fernando-haddad","status":"publish","type":"post","link":"https:\/\/www.portalalerta.com.br\/index.php\/2018\/10\/23\/marina-silva-declara-voto-critico-em-fernando-haddad\/","title":{"rendered":"Marina Silva declara &#8216;voto cr\u00edtico&#8217; em Fernando Haddad"},"content":{"rendered":"<p style=\"text-align: justify;\">A candidata derrotada \u00e0 Presid\u00eancia Marina Silva (Rede) declarou, em comunicado divulgado nesta segunda-feira (22), &#8220;voto cr\u00edtico&#8221; no presidenci\u00e1vel Fernando Haddad (PT). Uma pesquisa Datafolha divulgada no dia 10 de outubro mostrou que os eleitores de Marina eram mais favor\u00e1veis a um apoio dela a Haddad \u201437% escolheram o petista e 18%, o capit\u00e3o reformado. Outros 33% votariam branco ou nulo e 11% n\u00e3o souberam dizer. No primeiro turno, Marina teve cerca de 1% dos votos v\u00e1lidos (1.069.577). &#8220;Sei que, com apenas 1% de vota\u00e7\u00e3o no primeiro turno, a import\u00e2ncia de minha manifesta\u00e7\u00e3o, numa l\u00f3gica eleitoral restrita, \u00e9 puramente simb\u00f3lica. Mas \u00e9 meu dever \u00e9tico e pol\u00edtico faz\u00ea-la&#8221;, disse.<!--more--><\/p>\n<p style=\"text-align: justify;\">Marina Silva ficou em oitavo lugar na corrida presidencial. Foi a pior derrota nos tr\u00eas pleitos que disputou. No comunicado de apoio ao petista, ela afirmou que a campanha do candidato Jair Bolsonaro (PSL) \u00e9 um perigo \u00e0 democracia, ao meio ambiente, ao respeito \u00e0 diversidade e aos direitos civis.<\/p>\n<blockquote><p><em>&#8220;Vejo no projeto pol\u00edtico defendido pelo candidato Bolsonaro risco imediato para tr\u00eas princ\u00edpios fundamentais da minha pr\u00e1tica pol\u00edtica: primeiro, promete desmontar a estrutura de prote\u00e7\u00e3o ambiental conquistada ao longo de d\u00e9cadas. Chega ao absurdo de anunciar a incorpora\u00e7\u00e3o do Minist\u00e9rio do Meio Ambiente ao Minist\u00e9rio da Agricultura. Segundo, \u00e9 um projeto que minimiza a import\u00e2ncia de direitos e da diversidade existente na sociedade, promovendo a incita\u00e7\u00e3o sistem\u00e1tica ao \u00f3dio, \u00e0 viol\u00eancia, \u00e0 discrimina\u00e7\u00e3o. Por fim, em terceiro lugar, \u00e9 um projeto que mostra pouco apre\u00e7o \u00e0s regras democr\u00e1ticas, acumula manifesta\u00e7\u00f5es irrespons\u00e1veis e levianas a respeito das institui\u00e7\u00f5es p\u00fablicas e p\u00f5e em xeque as conquistas hist\u00f3ricas desde a Constituinte de 1988&#8221;<\/em>, disse Marina.<\/p><\/blockquote>\n<p style=\"text-align: justify;\"><img fetchpriority=\"high\" decoding=\"async\" class=\"size-thumbnail wp-image-9568 alignleft\" src=\"http:\/\/www.portalalerta.com.br\/wp-content\/uploads\/2018\/08\/Real-Estilo-320x240.jpeg\" alt=\"\" width=\"320\" height=\"240\" srcset=\"https:\/\/www.portalalerta.com.br\/wp-content\/uploads\/2018\/08\/Real-Estilo-320x240.jpeg 320w, https:\/\/www.portalalerta.com.br\/wp-content\/uploads\/2018\/08\/Real-Estilo-195x146.jpeg 195w, https:\/\/www.portalalerta.com.br\/wp-content\/uploads\/2018\/08\/Real-Estilo-50x38.jpeg 50w, https:\/\/www.portalalerta.com.br\/wp-content\/uploads\/2018\/08\/Real-Estilo-100x75.jpeg 100w, https:\/\/www.portalalerta.com.br\/wp-content\/uploads\/2018\/08\/Real-Estilo.jpeg 400w\" sizes=\"(max-width: 320px) 100vw, 320px\" \/>O capit\u00e3o reformado j\u00e1 informou que pretende unir dois minist\u00e9rios: Meio Ambiente e Desenvolvimento Agr\u00e1rio. Se eleito, o cotado para assumir a pasta \u00e9 o amigo Luiz Antonio Nabhan Garcia, 60. Ap\u00f3s o resultado do primeiro turno, Marina chegou a dizer que tinha &#8220;fortes cr\u00edticas&#8221; a Haddad, mas via no candidato do PSL um perigo para grupos vulner\u00e1veis.<\/p>\n<p style=\"text-align: justify;\">A ex-candidata tamb\u00e9m colocou como ponto decisivo para o apoio ao petista a consci\u00eancia crist\u00e3. &#8220;A prega\u00e7\u00e3o de \u00f3dio contra as minorias fr\u00e1geis, a op\u00e7\u00e3o por um sistema econ\u00f4mico que nega direitos e um sistema social que premia a injusti\u00e7a, faz da campanha de Bolsonaro um passo adiante na degrada\u00e7\u00e3o da natureza, da coes\u00e3o social e da civiliza\u00e7\u00e3o. N\u00e3o \u00e9 um retorno genu\u00edno ao mandamento do amor, \u00e9 uma indefens\u00e1vel regress\u00e3o e, portanto, uma forma de utilizar o nome de Deus em v\u00e3o.&#8221;<\/p>\n<p style=\"text-align: justify;\">Minutos ap\u00f3s a divulga\u00e7\u00e3o do apoio de Marina Silva, Haddad publicou em suas redes sociais que ficou honrado &#8216;por tudo que ela representa e pelas causas que defende&#8217;. &#8220;Nossa conviv\u00eancia como ministros foi extremamente produtiva e at\u00e9 hoje compartilhamos amizades de brasileiros devotados \u00e0 causa p\u00fablica. Esse reencontro democr\u00e1tico me enche de orgulho&#8221;, escreveu o petista. Dentre os atores pol\u00edticos que Haddad tentava atrair para uma frente democr\u00e1tica contra a candidatura de Bolsonaro, Marina era a que menos despertava expectativa de ader\u00eancia nos petistas.<\/p>\n<p style=\"text-align: justify;\">Eles alegavam que a ex-senadora estava &#8220;muito magoada&#8221; e &#8220;agressiva&#8221; em rela\u00e7\u00e3o ao PT desde a elei\u00e7\u00e3o de 2014 \u2014quando a equipe de Dilma Rousseff fez uma campanha pesada para desconstruir a candidatura de Marina, que chegou a liderar a corrida pelo Planalto, mas acabou fora inclusive do segundo turno.<\/p>\n<p style=\"text-align: justify;\"><em>Fonte: Cleriston Silva<\/em><\/p>\n","protected":false},"excerpt":{"rendered":"<p>A candidata derrotada \u00e0 Presid\u00eancia Marina Silva (Rede) declarou, em comunicado divulgado nesta segunda-feira (22), &#8220;voto cr\u00edtico&#8221; no presidenci\u00e1vel Fernando Haddad (PT). Uma pesquisa Datafolha divulgada no dia 10 de outubro mostrou que os eleitores de Marina eram mais favor\u00e1veis a um apoio dela a Haddad \u201437% escolheram o petista e 18%, o capit\u00e3o reformado. &hellip;<\/p>\n","protected":false},"author":2,"featured_media":7949,"comment_status":"open","ping_status":"open","sticky":false,"template":"","format":"standard","meta":{"om_disable_all_campaigns":false,"_monsterinsights_skip_tracking":false,"_monsterinsights_sitenote_active":false,"_monsterinsights_sitenote_note":"","_monsterinsights_sitenote_category":0,"footnotes":""},"categories":[34,70,69,21],"tags":[124,1711,93,381,405,1216],"class_list":["post-11512","post","type-post","status-publish","format-standard","has-post-thumbnail","hentry","category-brasil","category-destaques","category-noticias2","category-politica","tag-124","tag-apoio-politico","tag-brasil","tag-eleicoes","tag-fernando-haddad","tag-marina-silva"],"aioseo_notices":[],"_links":{"self":[{"href":"https:\/\/www.portalalerta.com.br\/index.php\/wp-json\/wp\/v2\/posts\/11512","targetHints":{"allow":["GET"]}}],"collection":[{"href":"https:\/\/www.portalalerta.com.br\/index.php\/wp-json\/wp\/v2\/posts"}],"about":[{"href":"https:\/\/www.portalalerta.com.br\/index.php\/wp-json\/wp\/v2\/types\/post"}],"author":[{"embeddable":true,"href":"https:\/\/www.portalalerta.com.br\/index.php\/wp-json\/wp\/v2\/users\/2"}],"replies":[{"embeddable":true,"href":"https:\/\/www.portalalerta.com.br\/index.php\/wp-json\/wp\/v2\/comments?post=11512"}],"version-history":[{"count":0,"href":"https:\/\/www.portalalerta.com.br\/index.php\/wp-json\/wp\/v2\/posts\/11512\/revisions"}],"wp:featuredmedia":[{"embeddable":true,"href":"https:\/\/www.portalalerta.com.br\/index.php\/wp-json\/wp\/v2\/media\/7949"}],"wp:attachment":[{"href":"https:\/\/www.portalalerta.com.br\/index.php\/wp-json\/wp\/v2\/media?parent=11512"}],"wp:term":[{"taxonomy":"category","embeddable":true,"href":"https:\/\/www.portalalerta.com.br\/index.php\/wp-json\/wp\/v2\/categories?post=11512"},{"taxonomy":"post_tag","embeddable":true,"href":"https:\/\/www.portalalerta.com.br\/index.php\/wp-json\/wp\/v2\/tags?post=11512"}],"curies":[{"name":"wp","href":"https:\/\/api.w.org\/{rel}","templated":true}]}}