{"id":11517,"date":"2018-10-23T14:17:34","date_gmt":"2018-10-23T17:17:34","guid":{"rendered":"http:\/\/www.portalalerta.com.br\/?p=11517"},"modified":"2018-10-23T14:17:57","modified_gmt":"2018-10-23T17:17:57","slug":"tj-aprova-anteprojeto-de-lei-para-vender-casas-oficiais-de-juizes-apenas-17-ocupam-imoveis","status":"publish","type":"post","link":"https:\/\/www.portalalerta.com.br\/index.php\/2018\/10\/23\/tj-aprova-anteprojeto-de-lei-para-vender-casas-oficiais-de-juizes-apenas-17-ocupam-imoveis\/","title":{"rendered":"TJ aprova anteprojeto de lei para vender casas oficiais de ju\u00edzes; apenas 17 ocupam im\u00f3veis"},"content":{"rendered":"<p style=\"text-align: justify;\">O Tribunal de Justi\u00e7a da Bahia (TJ-BA) poder\u00e1 vender alguns dos seus 520 im\u00f3veis diretamente, sem que precisem ser revertidos como patrim\u00f4nio do Estado. Entre os im\u00f3veis, est\u00e3o as resid\u00eancias oficiais para ju\u00edzes. Os magistrados que vivem nessas casas n\u00e3o recebem aux\u00edlio-moradia. No dia 26 de setembro, o Pleno do TJ aprovou um anteprojeto de lei que permite a venda direta dos bens. O texto modifica trecho da lei estadual que extinguiu o Instituto Pedro Ribeiro de Administra\u00e7\u00e3o Judici\u00e1ria (Ipraj). Um dos poss\u00edveis im\u00f3veis a ser vendido \u00e9 o F\u00f3rum de Vera Cruz, na Ilha de Itaparica. Recentemente, os desembargadores consideraram que \u201cfoi um erro\u201d a constru\u00e7\u00e3o.<!--more--><\/p>\n<p style=\"text-align: justify;\"><img fetchpriority=\"high\" decoding=\"async\" class=\"size-thumbnail wp-image-4869 aligncenter\" src=\"http:\/\/www.portalalerta.com.br\/wp-content\/uploads\/2018\/02\/Auto-Escola-Nobre-720x181.jpg\" alt=\"\" width=\"720\" height=\"181\" srcset=\"https:\/\/www.portalalerta.com.br\/wp-content\/uploads\/2018\/02\/Auto-Escola-Nobre.jpg 720w, https:\/\/www.portalalerta.com.br\/wp-content\/uploads\/2018\/02\/Auto-Escola-Nobre-260x65.jpg 260w, https:\/\/www.portalalerta.com.br\/wp-content\/uploads\/2018\/02\/Auto-Escola-Nobre-50x13.jpg 50w, https:\/\/www.portalalerta.com.br\/wp-content\/uploads\/2018\/02\/Auto-Escola-Nobre-150x38.jpg 150w\" sizes=\"(max-width: 720px) 100vw, 720px\" \/>A reda\u00e7\u00e3o que ainda est\u00e1 em vigor estabeleceu que todos os bens do Ipraj fossem revertidos para o patrim\u00f4nio do Estado da Bahia e que s\u00f3 podem ser desafetados a partir de uma lei espec\u00edfica. O Estado, nas aliena\u00e7\u00f5es, \u00e9 representado pela Procuradoria Geral do Estado (PGE). A proposta aprovada pelos desembargadores foi sugerida pela Comiss\u00e3o de Reforma do tribunal com a participa\u00e7\u00e3o da PGE. Com a modifica\u00e7\u00e3o aprovada, caber\u00e1 ao presidente do TJ-BA representar o Estado nos atos relativos \u00e0 aquisi\u00e7\u00e3o, aliena\u00e7\u00e3o e outros concernentes a bens im\u00f3veis pelo Poder Judici\u00e1rio. Em nota, o TJ-BA afirmou que a proposta, se transformada em lei, \u201cdar\u00e1 maior efici\u00eancia para a administra\u00e7\u00e3o dos bens p\u00fablicos afetados ao TJ-BA, uma vez que pela reda\u00e7\u00e3o vigente as modifica\u00e7\u00f5es na destina\u00e7\u00e3o dos bens m\u00f3veis e im\u00f3veis dependem da edi\u00e7\u00e3o de lei em sentido formal e\/ou edi\u00e7\u00e3o de ato administrativo pelo Procurador-Geral do Estado\u201d.<\/p>\n<p style=\"text-align: justify;\">A altera\u00e7\u00e3o, conforme explica a Corte baiana, n\u00e3o afasta a participa\u00e7\u00e3o da PGE nos processos de desafeta\u00e7\u00e3o, uma vez que este \u00f3rg\u00e3o continuar\u00e1 a atuar na qualidade de assessoria jur\u00eddica (custos legis), manifestando-se atrav\u00e9s de pareceres, que comete ao \u00f3rg\u00e3o o dever de \u201coficiar em todos os processos de aliena\u00e7\u00e3o, cess\u00e3o, permiss\u00e3o ou autoriza\u00e7\u00e3o de uso dos bens im\u00f3veis do Estado\u201d. O anteprojeto de lei n\u00e3o altera o dever de submeter as aliena\u00e7\u00f5es de bens do Estado a autoriza\u00e7\u00e3o legislativa, que \u00e9 exig\u00eancia da Constitui\u00e7\u00e3o Estadual.<\/p>\n<p style=\"text-align: justify;\">O TJ-BA ainda avalia quantos bens, do total de 520, ser\u00e3o vendidos. Dentre as resid\u00eancias de ju\u00edzes, 42 foram cedidos para a Pol\u00edcia Militar. Atualmente, 17 ju\u00edzes ocupam as resid\u00eancias oficiais de magistrados pertencentes ao tribunal e, por isso, n\u00e3o fazem jus ao recebimento do aux\u00edlio-moradia de R$ 4,3 mil. As casas dos ju\u00edzes, por exemplo, segundo a Corte, foram constru\u00eddas nas d\u00e9cadas de 1980 e 1990, e est\u00e3o \u201cem estado de conserva\u00e7\u00e3o prec\u00e1rio\u201d, sendo que boa parte fica na periferia da cidade. As casas est\u00e3o sendo avaliadas para uma poss\u00edvel venda.<\/p>\n<p style=\"text-align: justify;\">Fonte: Canabrava FM<\/p>\n<p>Com informa\u00e7\u00f5es:\u00a0Bahia Not\u00edcias<\/p>\n","protected":false},"excerpt":{"rendered":"<p>O Tribunal de Justi\u00e7a da Bahia (TJ-BA) poder\u00e1 vender alguns dos seus 520 im\u00f3veis diretamente, sem que precisem ser revertidos como patrim\u00f4nio do Estado. Entre os im\u00f3veis, est\u00e3o as resid\u00eancias oficiais para ju\u00edzes. Os magistrados que vivem nessas casas n\u00e3o recebem aux\u00edlio-moradia. No dia 26 de setembro, o Pleno do TJ aprovou um anteprojeto de &hellip;<\/p>\n","protected":false},"author":2,"featured_media":4573,"comment_status":"open","ping_status":"open","sticky":false,"template":"","format":"standard","meta":{"om_disable_all_campaigns":false,"_monsterinsights_skip_tracking":false,"_monsterinsights_sitenote_active":false,"_monsterinsights_sitenote_note":"","_monsterinsights_sitenote_category":0,"footnotes":""},"categories":[33,70,69],"tags":[54,270,622],"class_list":["post-11517","post","type-post","status-publish","format-standard","has-post-thumbnail","hentry","category-bahia","category-destaques","category-noticias2","tag-bahia","tag-justica","tag-tj-ba"],"aioseo_notices":[],"_links":{"self":[{"href":"https:\/\/www.portalalerta.com.br\/index.php\/wp-json\/wp\/v2\/posts\/11517","targetHints":{"allow":["GET"]}}],"collection":[{"href":"https:\/\/www.portalalerta.com.br\/index.php\/wp-json\/wp\/v2\/posts"}],"about":[{"href":"https:\/\/www.portalalerta.com.br\/index.php\/wp-json\/wp\/v2\/types\/post"}],"author":[{"embeddable":true,"href":"https:\/\/www.portalalerta.com.br\/index.php\/wp-json\/wp\/v2\/users\/2"}],"replies":[{"embeddable":true,"href":"https:\/\/www.portalalerta.com.br\/index.php\/wp-json\/wp\/v2\/comments?post=11517"}],"version-history":[{"count":0,"href":"https:\/\/www.portalalerta.com.br\/index.php\/wp-json\/wp\/v2\/posts\/11517\/revisions"}],"wp:featuredmedia":[{"embeddable":true,"href":"https:\/\/www.portalalerta.com.br\/index.php\/wp-json\/wp\/v2\/media\/4573"}],"wp:attachment":[{"href":"https:\/\/www.portalalerta.com.br\/index.php\/wp-json\/wp\/v2\/media?parent=11517"}],"wp:term":[{"taxonomy":"category","embeddable":true,"href":"https:\/\/www.portalalerta.com.br\/index.php\/wp-json\/wp\/v2\/categories?post=11517"},{"taxonomy":"post_tag","embeddable":true,"href":"https:\/\/www.portalalerta.com.br\/index.php\/wp-json\/wp\/v2\/tags?post=11517"}],"curies":[{"name":"wp","href":"https:\/\/api.w.org\/{rel}","templated":true}]}}