{"id":11521,"date":"2018-10-23T14:19:24","date_gmt":"2018-10-23T17:19:24","guid":{"rendered":"http:\/\/www.portalalerta.com.br\/?p=11521"},"modified":"2018-10-23T14:19:24","modified_gmt":"2018-10-23T17:19:24","slug":"advogado-pombalense-e-candidato-a-presidencia-de-subsecao-da-oab","status":"publish","type":"post","link":"https:\/\/www.portalalerta.com.br\/index.php\/2018\/10\/23\/advogado-pombalense-e-candidato-a-presidencia-de-subsecao-da-oab\/","title":{"rendered":"Advogado Pombalense \u00e9 candidato \u00e0 presid\u00eancia de subse\u00e7\u00e3o da OAB"},"content":{"rendered":"<p style=\"text-align: justify;\">Os advogados de Ribeira do Pombal, em reuni\u00e3o realizada na segunda-feira, 6 de agosto 2018, no F\u00f3rum da cidade, indicaram, por aclama\u00e7\u00e3o, Dr. Nelson Gon\u00e7alves Cardoso Filho para concorrer a presid\u00eancia da OAB &#8211; Ordem dos Advogados do Brasil, subse\u00e7\u00e3o de Serrinha-BA. Naquela oportunidade\u00a0os advogados manifestaram sua indigna\u00e7\u00e3o com a falta de aten\u00e7\u00e3o aos advogados de Ribeira do Pombal, Euclides da Cunha, Tucano, Monte Santo, Canudos, Quijingue, Araci, Nordestina, Teofil\u00e2ndia, e outras cidades, que discutiram a composi\u00e7\u00e3o da chapa, que agora foi\u00a0inscrita, com o lema &#8220;OAB Inclusiva&#8221; composta por advogados de diversas cidades da regi\u00e3o. Chapa OAB Inclusiva &#8211; Nelson Cardoso de Ribeira do Pombal, Vice-presidente &#8211; Erivaldo Moreira de Euclides da Cunha, Secret\u00e1ria Geral &#8211; Nila Naiara de Ribeira do Pombal, Tesoureira &#8211; Gislane Gama de Tucano, Secret\u00e1rio Geral Adjunto &#8211; Romildo Barbosa de Araci.\u00a0<!--more--><\/p>\n<p style=\"text-align: justify;\"><img fetchpriority=\"high\" decoding=\"async\" class=\"size-full wp-image-2867 aligncenter\" src=\"http:\/\/www.portalalerta.com.br\/wp-content\/uploads\/2017\/11\/protege-1.jpg\" alt=\"\" width=\"600\" height=\"140\" \/>Dr. Nelson Gon\u00e7alves Cardoso Filho, foto acima, \u00e9 advogado militante e professor de Direito Tribut\u00e1rio e Processo Civil, nas unidades da Faculdade Ages de Paripiranga e Tucano. A subse\u00e7\u00e3o da OAB Serrinha engloba\u00a0os munic\u00edpios de\u00a0Araci, Barrocas, Biritinga, Canudos, Euclides da Cunha, Lamar\u00e3o, Monte Santo, Nordestina, Quijinque, Ribeira do Pombal, Salgad\u00e1lia, Santa B\u00e1rbara, Serrinha, Teofil\u00e2ndia e Tucano.<\/p>\n<p style=\"text-align: justify;\"><em>Fonte: Joilson Costa<\/em><\/p>\n","protected":false},"excerpt":{"rendered":"<p>Os advogados de Ribeira do Pombal, em reuni\u00e3o realizada na segunda-feira, 6 de agosto 2018, no F\u00f3rum da cidade, indicaram, por aclama\u00e7\u00e3o, Dr. Nelson Gon\u00e7alves Cardoso Filho para concorrer a presid\u00eancia da OAB &#8211; Ordem dos Advogados do Brasil, subse\u00e7\u00e3o de Serrinha-BA. Naquela oportunidade\u00a0os advogados manifestaram sua indigna\u00e7\u00e3o com a falta de aten\u00e7\u00e3o aos advogados &hellip;<\/p>\n","protected":false},"author":2,"featured_media":11522,"comment_status":"open","ping_status":"open","sticky":false,"template":"","format":"standard","meta":{"om_disable_all_campaigns":false,"_monsterinsights_skip_tracking":false,"_monsterinsights_sitenote_active":false,"_monsterinsights_sitenote_note":"","_monsterinsights_sitenote_category":0,"footnotes":""},"categories":[41,70,17,69,43,32,3,12],"tags":[1607,1712,1331,94,176],"class_list":["post-11521","post","type-post","status-publish","format-standard","has-post-thumbnail","hentry","category-araci","category-destaques","category-euclides-da-cunha","category-noticias2","category-quijingue","category-regiao","category-ribeira-do-pombal","category-tucano","tag-candidato","tag-dr-nelson-cardoso","tag-oab","tag-presidente","tag-serrinha"],"aioseo_notices":[],"_links":{"self":[{"href":"https:\/\/www.portalalerta.com.br\/index.php\/wp-json\/wp\/v2\/posts\/11521","targetHints":{"allow":["GET"]}}],"collection":[{"href":"https:\/\/www.portalalerta.com.br\/index.php\/wp-json\/wp\/v2\/posts"}],"about":[{"href":"https:\/\/www.portalalerta.com.br\/index.php\/wp-json\/wp\/v2\/types\/post"}],"author":[{"embeddable":true,"href":"https:\/\/www.portalalerta.com.br\/index.php\/wp-json\/wp\/v2\/users\/2"}],"replies":[{"embeddable":true,"href":"https:\/\/www.portalalerta.com.br\/index.php\/wp-json\/wp\/v2\/comments?post=11521"}],"version-history":[{"count":0,"href":"https:\/\/www.portalalerta.com.br\/index.php\/wp-json\/wp\/v2\/posts\/11521\/revisions"}],"wp:featuredmedia":[{"embeddable":true,"href":"https:\/\/www.portalalerta.com.br\/index.php\/wp-json\/wp\/v2\/media\/11522"}],"wp:attachment":[{"href":"https:\/\/www.portalalerta.com.br\/index.php\/wp-json\/wp\/v2\/media?parent=11521"}],"wp:term":[{"taxonomy":"category","embeddable":true,"href":"https:\/\/www.portalalerta.com.br\/index.php\/wp-json\/wp\/v2\/categories?post=11521"},{"taxonomy":"post_tag","embeddable":true,"href":"https:\/\/www.portalalerta.com.br\/index.php\/wp-json\/wp\/v2\/tags?post=11521"}],"curies":[{"name":"wp","href":"https:\/\/api.w.org\/{rel}","templated":true}]}}