{"id":11525,"date":"2018-10-23T21:57:43","date_gmt":"2018-10-24T00:57:43","guid":{"rendered":"http:\/\/www.portalalerta.com.br\/?p=11525"},"modified":"2018-10-23T21:57:43","modified_gmt":"2018-10-24T00:57:43","slug":"bolsonaro-nao-vai-a-debate-e-globo-cancela-entrevistas","status":"publish","type":"post","link":"https:\/\/www.portalalerta.com.br\/index.php\/2018\/10\/23\/bolsonaro-nao-vai-a-debate-e-globo-cancela-entrevistas\/","title":{"rendered":"Bolsonaro n\u00e3o vai a debate e Globo cancela entrevistas"},"content":{"rendered":"<p style=\"text-align: justify;\">Ap\u00f3s a confirma\u00e7\u00e3o do candidato do PSL \u00e0 Presid\u00eancia da Rep\u00fablica, Jair Bolsonaro de que n\u00e3o ir\u00e1 ao debate marcado para a pr\u00f3xima sexta-feira (26) na TV Globo, a emissora emitiu nota cancelando o evento e dizendo que n\u00e3o far\u00e1 entrevistas.\u00a0<!--more--><\/p>\n<p style=\"text-align: justify;\"><img fetchpriority=\"high\" decoding=\"async\" class=\"size-thumbnail wp-image-9568 alignleft\" src=\"http:\/\/www.portalalerta.com.br\/wp-content\/uploads\/2018\/08\/Real-Estilo-320x240.jpeg\" alt=\"\" width=\"320\" height=\"240\" srcset=\"https:\/\/www.portalalerta.com.br\/wp-content\/uploads\/2018\/08\/Real-Estilo-320x240.jpeg 320w, https:\/\/www.portalalerta.com.br\/wp-content\/uploads\/2018\/08\/Real-Estilo-195x146.jpeg 195w, https:\/\/www.portalalerta.com.br\/wp-content\/uploads\/2018\/08\/Real-Estilo-50x38.jpeg 50w, https:\/\/www.portalalerta.com.br\/wp-content\/uploads\/2018\/08\/Real-Estilo-100x75.jpeg 100w, https:\/\/www.portalalerta.com.br\/wp-content\/uploads\/2018\/08\/Real-Estilo.jpeg 400w\" sizes=\"(max-width: 320px) 100vw, 320px\" \/>\u201cNa reuni\u00e3o de elabora\u00e7\u00e3o das regras do evento foi acertado com as assessorias dos candidatos que, se Jair Bolsonaro n\u00e3o pudesse comparecer por raz\u00f5es de sa\u00fade, o debate n\u00e3o seria substitu\u00eddo por entrevistas\u201d, diz a nota.<\/p>\n<p style=\"text-align: justify;\">O m\u00e9dico do presidenci\u00e1vel Ant\u00f4nio Luiz Macedo emitiu no dia 18, nota atestando que ele \u201cest\u00e1 bem, tendo apenas a colostomia como fator limitante\u201d e que a decis\u00e3o de ir a debates seria do pr\u00f3prio candidato.<\/p>\n<p style=\"text-align: justify;\"><em>Fonte: Boc\u00e3o News<\/em><\/p>\n","protected":false},"excerpt":{"rendered":"<p>Ap\u00f3s a confirma\u00e7\u00e3o do candidato do PSL \u00e0 Presid\u00eancia da Rep\u00fablica, Jair Bolsonaro de que n\u00e3o ir\u00e1 ao debate marcado para a pr\u00f3xima sexta-feira (26) na TV Globo, a emissora emitiu nota cancelando o evento e dizendo que n\u00e3o far\u00e1 entrevistas.\u00a0<\/p>\n","protected":false},"author":2,"featured_media":7474,"comment_status":"open","ping_status":"open","sticky":false,"template":"","format":"standard","meta":{"om_disable_all_campaigns":false,"_monsterinsights_skip_tracking":false,"_monsterinsights_sitenote_active":false,"_monsterinsights_sitenote_note":"","_monsterinsights_sitenote_category":0,"footnotes":""},"categories":[34,70,69,21],"tags":[93,1617,381,1634,405,1395],"class_list":["post-11525","post","type-post","status-publish","format-standard","has-post-thumbnail","hentry","category-brasil","category-destaques","category-noticias2","category-politica","tag-brasil","tag-debate","tag-eleicoes","tag-entrevista","tag-fernando-haddad","tag-jair-bolsonaro"],"aioseo_notices":[],"_links":{"self":[{"href":"https:\/\/www.portalalerta.com.br\/index.php\/wp-json\/wp\/v2\/posts\/11525","targetHints":{"allow":["GET"]}}],"collection":[{"href":"https:\/\/www.portalalerta.com.br\/index.php\/wp-json\/wp\/v2\/posts"}],"about":[{"href":"https:\/\/www.portalalerta.com.br\/index.php\/wp-json\/wp\/v2\/types\/post"}],"author":[{"embeddable":true,"href":"https:\/\/www.portalalerta.com.br\/index.php\/wp-json\/wp\/v2\/users\/2"}],"replies":[{"embeddable":true,"href":"https:\/\/www.portalalerta.com.br\/index.php\/wp-json\/wp\/v2\/comments?post=11525"}],"version-history":[{"count":0,"href":"https:\/\/www.portalalerta.com.br\/index.php\/wp-json\/wp\/v2\/posts\/11525\/revisions"}],"wp:featuredmedia":[{"embeddable":true,"href":"https:\/\/www.portalalerta.com.br\/index.php\/wp-json\/wp\/v2\/media\/7474"}],"wp:attachment":[{"href":"https:\/\/www.portalalerta.com.br\/index.php\/wp-json\/wp\/v2\/media?parent=11525"}],"wp:term":[{"taxonomy":"category","embeddable":true,"href":"https:\/\/www.portalalerta.com.br\/index.php\/wp-json\/wp\/v2\/categories?post=11525"},{"taxonomy":"post_tag","embeddable":true,"href":"https:\/\/www.portalalerta.com.br\/index.php\/wp-json\/wp\/v2\/tags?post=11525"}],"curies":[{"name":"wp","href":"https:\/\/api.w.org\/{rel}","templated":true}]}}