{"id":11568,"date":"2018-10-24T22:51:05","date_gmt":"2018-10-25T01:51:05","guid":{"rendered":"http:\/\/www.portalalerta.com.br\/?p=11568"},"modified":"2018-10-24T22:51:05","modified_gmt":"2018-10-25T01:51:05","slug":"bahia-gera-mais-de-85-mil-empregos-formais-em-setembro","status":"publish","type":"post","link":"https:\/\/www.portalalerta.com.br\/index.php\/2018\/10\/24\/bahia-gera-mais-de-85-mil-empregos-formais-em-setembro\/","title":{"rendered":"Bahia gera mais de 8,5 mil empregos formais em setembro"},"content":{"rendered":"<p style=\"text-align: justify;\">A Bahia gerou cerca de 8,5 mil postos de trabalho no m\u00eas de setembro, segundo dados do Cadastro Geral de Empregados e Desempregados (Caged) do Minist\u00e9rio do Trabalho. O resultado \u00e9 quase o dobro do registrado no m\u00eas anterior, quando foram gerados 4,8 mil empregos formais. J\u00e1 no acumulado de janeiro a setembro, quase 37 mil novos postos foram criados no estado.<!--more--><\/p>\n<p style=\"text-align: justify;\"><img fetchpriority=\"high\" decoding=\"async\" class=\"size-full wp-image-2902 alignleft\" src=\"http:\/\/www.portalalerta.com.br\/wp-content\/uploads\/2017\/11\/elab-2.jpg\" alt=\"\" width=\"310\" height=\"200\" srcset=\"https:\/\/www.portalalerta.com.br\/wp-content\/uploads\/2017\/11\/elab-2.jpg 310w, https:\/\/www.portalalerta.com.br\/wp-content\/uploads\/2017\/11\/elab-2-226x146.jpg 226w, https:\/\/www.portalalerta.com.br\/wp-content\/uploads\/2017\/11\/elab-2-50x32.jpg 50w, https:\/\/www.portalalerta.com.br\/wp-content\/uploads\/2017\/11\/elab-2-116x75.jpg 116w\" sizes=\"(max-width: 310px) 100vw, 310px\" \/>A alta foi puxada pelo resultado dos setores de constru\u00e7\u00e3o civil, que teve varia\u00e7\u00e3o positiva de 1,92% e gerou 2,1 mil novos empregos em setembro; de servi\u00e7os, que criou 4,2 mil postos e teve crescimento de 0,57% em rela\u00e7\u00e3o a agosto; e da ind\u00fastria de transforma\u00e7\u00e3o, com cerca de mil novas vagas abertas e aumento de 0,5% em compara\u00e7\u00e3o com o m\u00eas anterior. No entanto, o setor agropecu\u00e1rio na Bahia teve queda de 0,4% e demitiu 423 trabalhadores a mais do que contratou.<\/p>\n<p style=\"text-align: justify;\">Os n\u00fameros seguem a tend\u00eancia nacional: em setembro, o setor de servi\u00e7os liderou a abertura de postos, com mais de 60 mil novas vagas; enquanto o setor agropecu\u00e1rio teve 2,6 mil demiss\u00f5es. No total, mais de 137 mil empregos formais foram criados. De acordo com o Minist\u00e9rio do Trabalho, \u00e9 o maior n\u00edvel para o m\u00eas desde 2013.<\/p>\n<p style=\"text-align: justify;\"><em>Fonte: R\u00e1dio Povo <\/em><\/p>\n<p style=\"text-align: justify;\"><em>Com informa\u00e7\u00f5es: Metro 1<\/em><\/p>\n","protected":false},"excerpt":{"rendered":"<p>A Bahia gerou cerca de 8,5 mil postos de trabalho no m\u00eas de setembro, segundo dados do Cadastro Geral de Empregados e Desempregados (Caged) do Minist\u00e9rio do Trabalho. O resultado \u00e9 quase o dobro do registrado no m\u00eas anterior, quando foram gerados 4,8 mil empregos formais. J\u00e1 no acumulado de janeiro a setembro, quase 37 &hellip;<\/p>\n","protected":false},"author":2,"featured_media":8215,"comment_status":"open","ping_status":"open","sticky":false,"template":"","format":"standard","meta":{"om_disable_all_campaigns":false,"_monsterinsights_skip_tracking":false,"_monsterinsights_sitenote_active":false,"_monsterinsights_sitenote_note":"","_monsterinsights_sitenote_category":0,"footnotes":""},"categories":[33,70,69],"tags":[54,1470],"class_list":["post-11568","post","type-post","status-publish","format-standard","has-post-thumbnail","hentry","category-bahia","category-destaques","category-noticias2","tag-bahia","tag-emprego"],"aioseo_notices":[],"_links":{"self":[{"href":"https:\/\/www.portalalerta.com.br\/index.php\/wp-json\/wp\/v2\/posts\/11568","targetHints":{"allow":["GET"]}}],"collection":[{"href":"https:\/\/www.portalalerta.com.br\/index.php\/wp-json\/wp\/v2\/posts"}],"about":[{"href":"https:\/\/www.portalalerta.com.br\/index.php\/wp-json\/wp\/v2\/types\/post"}],"author":[{"embeddable":true,"href":"https:\/\/www.portalalerta.com.br\/index.php\/wp-json\/wp\/v2\/users\/2"}],"replies":[{"embeddable":true,"href":"https:\/\/www.portalalerta.com.br\/index.php\/wp-json\/wp\/v2\/comments?post=11568"}],"version-history":[{"count":0,"href":"https:\/\/www.portalalerta.com.br\/index.php\/wp-json\/wp\/v2\/posts\/11568\/revisions"}],"wp:featuredmedia":[{"embeddable":true,"href":"https:\/\/www.portalalerta.com.br\/index.php\/wp-json\/wp\/v2\/media\/8215"}],"wp:attachment":[{"href":"https:\/\/www.portalalerta.com.br\/index.php\/wp-json\/wp\/v2\/media?parent=11568"}],"wp:term":[{"taxonomy":"category","embeddable":true,"href":"https:\/\/www.portalalerta.com.br\/index.php\/wp-json\/wp\/v2\/categories?post=11568"},{"taxonomy":"post_tag","embeddable":true,"href":"https:\/\/www.portalalerta.com.br\/index.php\/wp-json\/wp\/v2\/tags?post=11568"}],"curies":[{"name":"wp","href":"https:\/\/api.w.org\/{rel}","templated":true}]}}