{"id":11662,"date":"2018-10-26T18:23:14","date_gmt":"2018-10-26T21:23:14","guid":{"rendered":"http:\/\/www.portalalerta.com.br\/?p=11662"},"modified":"2018-10-26T18:23:14","modified_gmt":"2018-10-26T21:23:14","slug":"bebeto-deixa-secrataria-e-volta-a-camara-de-vereadores-como-presidente-em-ribeira-do-pombal-ba","status":"publish","type":"post","link":"https:\/\/www.portalalerta.com.br\/index.php\/2018\/10\/26\/bebeto-deixa-secrataria-e-volta-a-camara-de-vereadores-como-presidente-em-ribeira-do-pombal-ba\/","title":{"rendered":"Bebeto deixa Secrataria, e volta \u00e0 C\u00e2mara de Vereadores como presidente, em Ribeira do Pombal-BA"},"content":{"rendered":"<p style=\"text-align: justify;\">No in\u00edcio da tarde desta sexta-feira, 26, o prefeito de Ribeira do Pombal-BA, Ricardo Maia, anunciou em suas redes sociais, a nova composi\u00e7\u00e3o da Mesa Diretora da C\u00e2mara de Vereadores da cidade, a ser votada no pr\u00f3ximo dia 05 de novembro.<!--more--><\/p>\n<p style=\"text-align: justify;\"><img fetchpriority=\"high\" decoding=\"async\" class=\"size-full wp-image-2902 alignleft\" src=\"http:\/\/www.portalalerta.com.br\/wp-content\/uploads\/2017\/11\/elab-2.jpg\" alt=\"\" width=\"310\" height=\"200\" srcset=\"https:\/\/www.portalalerta.com.br\/wp-content\/uploads\/2017\/11\/elab-2.jpg 310w, https:\/\/www.portalalerta.com.br\/wp-content\/uploads\/2017\/11\/elab-2-226x146.jpg 226w, https:\/\/www.portalalerta.com.br\/wp-content\/uploads\/2017\/11\/elab-2-50x32.jpg 50w, https:\/\/www.portalalerta.com.br\/wp-content\/uploads\/2017\/11\/elab-2-116x75.jpg 116w\" sizes=\"(max-width: 310px) 100vw, 310px\" \/>A surpresa ficou para a presid\u00eancia, j\u00e1 que o vereador afastado, Roberto Alc\u00e2ntara (Bebeto), retorna \u00e0 casa, para assumir o cargo, que diga-se de passagem, \u00a0j\u00e1 ocupou no bi\u00eanio 2015-2016. Ap\u00f3s as elei\u00e7\u00f5es de 2016, o vereador eleito, se afastou do cargo para assumir secretarias municipais: Secretaria de Administra\u00e7\u00e3o, Finan\u00e7as e Desenvolvimento Sustent\u00e1vel , e posteriormente a Secretaria de Educa\u00e7\u00e3o, onde permanece at\u00e9 os dias atuais.<\/p>\n<p style=\"text-align: justify;\">Na nota, al\u00e9m de Bebeto como presidente, Ricardo Maia anunciou os seguintes membros: Marcelo Brito (Vice Presidente), e Z\u00e9 Valdo (1\u00ba Secret\u00e1rio), faltando apenas definir o 2\u00ba Secret\u00e1rio, que possivelmente ser\u00e1 indicado pela oposi\u00e7\u00e3o. Confira a nota na \u00edntegra:<\/p>\n<blockquote>\n<p style=\"text-align: justify;\"><em>Definimos hoje, de forma madura e harmoniosa a nova composi\u00e7\u00e3o da mesa diretora 2019\/2020.\u00a0 A elei\u00e7\u00e3o acontece no pr\u00f3ximo dia 5 de Novembro. A chapa ficou composta da seguinte forma: Presidente Bebeto, vice Marcelo Brito, 1\u00ba secret\u00e1rio Z\u00e9 Valdo. Faltando definir o 2\u00ba secret\u00e1rio.<\/em><\/p>\n<p style=\"text-align: justify;\"><em>Feliz com a uni\u00e3o dos vereadores da nossa bancada. Demonstra\u00e7\u00e3o de amadurecimento e esp\u00edrito p\u00fablico. O vereador F\u00e1bio, ausente da reuni\u00e3o por motivo de viagem, disse que aprovaria qualquer decis\u00e3o tomada pelo grupo. <\/em><\/p>\n<p style=\"text-align: justify;\"><em>Parab\u00e9ns aos vereadores da nossa bancada, especialmente \u00e0 nova mesa diretora.<\/em><\/p>\n<p style=\"text-align: justify;\"><em>M\u00e3os \u00e0 obra! O trabalho n\u00e3o para.&#8221; Ricardo Maia.<\/em><\/p>\n<\/blockquote>\n<p style=\"text-align: justify;\"><strong>Mudan\u00e7as<\/strong><\/p>\n<p style=\"text-align: justify;\">Com a decis\u00e3o, fica claro que algumas mudan\u00e7as ir\u00e3o ocorrer. Com o retorno de Bebeto para a C\u00e2mara, a sua cadeira na Secretaria de Educa\u00e7\u00e3o ficar\u00e1 vazia, restando a indica\u00e7\u00e3o de um novo nome para a pasta.<\/p>\n<p style=\"text-align: justify;\">Por outro lado, na C\u00e2mara de Vereadores, o Radialista Sandro Aguiar, terceiro suplente, dever\u00e1 deixar a casa, pouco tempo ap\u00f3s assumir o cargo de vereador, fato ocorrido no dia 1\u00ba de outubro do corrente ano. <a href=\"http:\/\/www.portalalerta.com.br\/index.php\/2018\/10\/02\/reporter-sandro-aguiar-e-empossado-vereador-em-ribeira-do-pombal-ba\/\"><strong>Relembre<\/strong><\/a><\/p>\n<p style=\"text-align: justify;\">O PORTAL ALERTA tentou entrar em contato com o prefeito Ricardo Maia, bem como com a sua Assessoria de Comunica\u00e7\u00e3o, mas at\u00e9 o momento n\u00e3o obteve informa\u00e7\u00f5es a respeito da composi\u00e7\u00e3o do referido quadro pol\u00edtico.<\/p>\n<p style=\"text-align: justify;\"><a href=\"http:\/\/www.facebook.com.br\/pombalalerta\"><strong>Curta nossa p\u00e1gina no facebook, e continue atualizado sobre tudo o que acontece em sua cidade!<\/strong><\/a><\/p>\n<p style=\"text-align: justify;\"><a href=\"https:\/\/play.google.com\/store\/apps\/details?id=com.globalstore.pombalalerta&amp;hl=pt_BR\"><strong>Baixe o nosso aplicativo, e fique de olho na not\u00edcia!<\/strong><\/a><\/p>\n<p style=\"text-align: justify;\">Continuamos \u201cde olho na not\u00edcia\u201d em busca de mais informa\u00e7\u00f5es sobre o caso.<\/p>\n<p style=\"text-align: justify;\"><em>Reda\u00e7\u00e3o: Portal Alerta \u00a0<\/em><\/p>\n","protected":false},"excerpt":{"rendered":"<p>No in\u00edcio da tarde desta sexta-feira, 26, o prefeito de Ribeira do Pombal-BA, Ricardo Maia, anunciou em suas redes sociais, a nova composi\u00e7\u00e3o da Mesa Diretora da C\u00e2mara de Vereadores da cidade, a ser votada no pr\u00f3ximo dia 05 de novembro.<\/p>\n","protected":false},"author":2,"featured_media":11663,"comment_status":"open","ping_status":"open","sticky":false,"template":"","format":"standard","meta":{"om_disable_all_campaigns":false,"_monsterinsights_skip_tracking":false,"_monsterinsights_sitenote_active":false,"_monsterinsights_sitenote_note":"","_monsterinsights_sitenote_category":0,"footnotes":""},"categories":[70,69,21,32,3],"tags":[211,199,1454,47,146,212,135],"class_list":["post-11662","post","type-post","status-publish","format-standard","has-post-thumbnail","hentry","category-destaques","category-noticias2","category-politica","category-regiao","category-ribeira-do-pombal","tag-camara-de-vereadores","tag-politica","tag-presidente-da-camara","tag-ribeira-do-pombal","tag-ricardo-maia","tag-secretaria-de-educacao","tag-vereadores"],"aioseo_notices":[],"_links":{"self":[{"href":"https:\/\/www.portalalerta.com.br\/index.php\/wp-json\/wp\/v2\/posts\/11662","targetHints":{"allow":["GET"]}}],"collection":[{"href":"https:\/\/www.portalalerta.com.br\/index.php\/wp-json\/wp\/v2\/posts"}],"about":[{"href":"https:\/\/www.portalalerta.com.br\/index.php\/wp-json\/wp\/v2\/types\/post"}],"author":[{"embeddable":true,"href":"https:\/\/www.portalalerta.com.br\/index.php\/wp-json\/wp\/v2\/users\/2"}],"replies":[{"embeddable":true,"href":"https:\/\/www.portalalerta.com.br\/index.php\/wp-json\/wp\/v2\/comments?post=11662"}],"version-history":[{"count":0,"href":"https:\/\/www.portalalerta.com.br\/index.php\/wp-json\/wp\/v2\/posts\/11662\/revisions"}],"wp:featuredmedia":[{"embeddable":true,"href":"https:\/\/www.portalalerta.com.br\/index.php\/wp-json\/wp\/v2\/media\/11663"}],"wp:attachment":[{"href":"https:\/\/www.portalalerta.com.br\/index.php\/wp-json\/wp\/v2\/media?parent=11662"}],"wp:term":[{"taxonomy":"category","embeddable":true,"href":"https:\/\/www.portalalerta.com.br\/index.php\/wp-json\/wp\/v2\/categories?post=11662"},{"taxonomy":"post_tag","embeddable":true,"href":"https:\/\/www.portalalerta.com.br\/index.php\/wp-json\/wp\/v2\/tags?post=11662"}],"curies":[{"name":"wp","href":"https:\/\/api.w.org\/{rel}","templated":true}]}}