{"id":11667,"date":"2018-10-27T00:05:45","date_gmt":"2018-10-27T03:05:45","guid":{"rendered":"http:\/\/www.portalalerta.com.br\/?p=11667"},"modified":"2018-10-27T00:05:45","modified_gmt":"2018-10-27T03:05:45","slug":"presidente-do-banco-do-brasil-pede-demissao","status":"publish","type":"post","link":"https:\/\/www.portalalerta.com.br\/index.php\/2018\/10\/27\/presidente-do-banco-do-brasil-pede-demissao\/","title":{"rendered":"Presidente do Banco do Brasil pede demiss\u00e3o"},"content":{"rendered":"<p style=\"text-align: justify;\">Paulo Caffarelli pediu demiss\u00e3o do cargo de presidente do Banco do Brasil. De acordo com o jornal Valor Econ\u00f4mico, o executivo vai assumir o comando da credenciadora de cart\u00f5es Cielo.<!--more--><\/p>\n<p style=\"text-align: justify;\">Em comunicado divulgado ao mercado, o Banco do Brasil informou que Caffarelli apresentou pedido de ren\u00fancia aos cargos de presidente e membro do conselho de administra\u00e7\u00e3o.<\/p>\n<p style=\"text-align: justify;\"><img fetchpriority=\"high\" decoding=\"async\" class=\"size-full wp-image-2867 aligncenter\" src=\"http:\/\/www.portalalerta.com.br\/wp-content\/uploads\/2017\/11\/protege-1.jpg\" alt=\"\" width=\"600\" height=\"140\" \/>Para o posto do executivo, o presidente Michel Temer indicou Marcelo Augusto Dutra Labuto, atual vice-presidente de Neg\u00f3cios de Varejo no banco.<\/p>\n<p style=\"text-align: justify;\">O comunicado n\u00e3o informa a raz\u00e3o do pedido de demiss\u00e3o. Segundo o jornal &#8220;Valor Econ\u00f4mico&#8221;, Caffarelli assumir\u00e1 o comando da credenciadora de cart\u00f5es Cielo.<\/p>\n<p style=\"text-align: justify;\"><em>Fonte: Boc\u00e3o News<\/em><\/p>\n","protected":false},"excerpt":{"rendered":"<p>Paulo Caffarelli pediu demiss\u00e3o do cargo de presidente do Banco do Brasil. De acordo com o jornal Valor Econ\u00f4mico, o executivo vai assumir o comando da credenciadora de cart\u00f5es Cielo.<\/p>\n","protected":false},"author":2,"featured_media":4926,"comment_status":"open","ping_status":"open","sticky":false,"template":"","format":"standard","meta":{"om_disable_all_campaigns":false,"_monsterinsights_skip_tracking":false,"_monsterinsights_sitenote_active":false,"_monsterinsights_sitenote_note":"","_monsterinsights_sitenote_category":0,"footnotes":""},"categories":[34,70,69],"tags":[632,93,616,94],"class_list":["post-11667","post","type-post","status-publish","format-standard","has-post-thumbnail","hentry","category-brasil","category-destaques","category-noticias2","tag-banco-do-brasil","tag-brasil","tag-demissao","tag-presidente"],"aioseo_notices":[],"_links":{"self":[{"href":"https:\/\/www.portalalerta.com.br\/index.php\/wp-json\/wp\/v2\/posts\/11667","targetHints":{"allow":["GET"]}}],"collection":[{"href":"https:\/\/www.portalalerta.com.br\/index.php\/wp-json\/wp\/v2\/posts"}],"about":[{"href":"https:\/\/www.portalalerta.com.br\/index.php\/wp-json\/wp\/v2\/types\/post"}],"author":[{"embeddable":true,"href":"https:\/\/www.portalalerta.com.br\/index.php\/wp-json\/wp\/v2\/users\/2"}],"replies":[{"embeddable":true,"href":"https:\/\/www.portalalerta.com.br\/index.php\/wp-json\/wp\/v2\/comments?post=11667"}],"version-history":[{"count":0,"href":"https:\/\/www.portalalerta.com.br\/index.php\/wp-json\/wp\/v2\/posts\/11667\/revisions"}],"wp:featuredmedia":[{"embeddable":true,"href":"https:\/\/www.portalalerta.com.br\/index.php\/wp-json\/wp\/v2\/media\/4926"}],"wp:attachment":[{"href":"https:\/\/www.portalalerta.com.br\/index.php\/wp-json\/wp\/v2\/media?parent=11667"}],"wp:term":[{"taxonomy":"category","embeddable":true,"href":"https:\/\/www.portalalerta.com.br\/index.php\/wp-json\/wp\/v2\/categories?post=11667"},{"taxonomy":"post_tag","embeddable":true,"href":"https:\/\/www.portalalerta.com.br\/index.php\/wp-json\/wp\/v2\/tags?post=11667"}],"curies":[{"name":"wp","href":"https:\/\/api.w.org\/{rel}","templated":true}]}}