{"id":12137,"date":"2018-11-14T17:38:26","date_gmt":"2018-11-14T20:38:26","guid":{"rendered":"http:\/\/www.portalalerta.com.br\/?p=12137"},"modified":"2018-11-14T17:38:26","modified_gmt":"2018-11-14T20:38:26","slug":"carreta-colide-em-fundo-de-veiculo-pequeno-e-deixa-ex-vereador-ferido-na-zona-rural-de-tucano-ba","status":"publish","type":"post","link":"https:\/\/www.portalalerta.com.br\/index.php\/2018\/11\/14\/carreta-colide-em-fundo-de-veiculo-pequeno-e-deixa-ex-vereador-ferido-na-zona-rural-de-tucano-ba\/","title":{"rendered":"Carreta colide em fundo de ve\u00edculo pequeno e deixa ex-vereador ferido na zona rural de Tucano-BA"},"content":{"rendered":"<p style=\"text-align: justify;\">Na manh\u00e3 desta ter\u00e7a-feira (13), ocorreu um acidente pr\u00f3ximo um bar, situado numa \u00a0estrada da zona rural de Tucano-BA, sentido ao povoado Cajueiro.<!--more--><\/p>\n<p style=\"text-align: justify;\"><img fetchpriority=\"high\" decoding=\"async\" class=\"size-full wp-image-2902 alignleft\" src=\"http:\/\/www.portalalerta.com.br\/wp-content\/uploads\/2017\/11\/elab-2.jpg\" alt=\"\" width=\"310\" height=\"200\" srcset=\"https:\/\/www.portalalerta.com.br\/wp-content\/uploads\/2017\/11\/elab-2.jpg 310w, https:\/\/www.portalalerta.com.br\/wp-content\/uploads\/2017\/11\/elab-2-226x146.jpg 226w, https:\/\/www.portalalerta.com.br\/wp-content\/uploads\/2017\/11\/elab-2-50x32.jpg 50w, https:\/\/www.portalalerta.com.br\/wp-content\/uploads\/2017\/11\/elab-2-116x75.jpg 116w\" sizes=\"(max-width: 310px) 100vw, 310px\" \/>O motorista do carro pequeno \u00e9 o ex-vereador Jos\u00e9 Cavalcante de Macedo, conhecido como \u201cDudu Le\u00e3o\u201d. Uma carreta teria colidido no fundo do ve\u00edculo utilizado pelo ex-vereador.<\/p>\n<p style=\"text-align: justify;\">Dudu Le\u00e3o foi levado para um hospital de maior porte, em Salvador-BA. Ele teve apenas ferimentos leves.<\/p>\n<p style=\"text-align: justify;\"><em>Fonte: A Voz do Campo<\/em><\/p>\n","protected":false},"excerpt":{"rendered":"<p>Na manh\u00e3 desta ter\u00e7a-feira (13), ocorreu um acidente pr\u00f3ximo um bar, situado numa \u00a0estrada da zona rural de Tucano-BA, sentido ao povoado Cajueiro.<\/p>\n","protected":false},"author":2,"featured_media":12138,"comment_status":"open","ping_status":"open","sticky":false,"template":"","format":"standard","meta":{"om_disable_all_campaigns":false,"_monsterinsights_skip_tracking":false,"_monsterinsights_sitenote_active":false,"_monsterinsights_sitenote_note":"","_monsterinsights_sitenote_category":0,"footnotes":""},"categories":[70,69,32,12],"tags":[166,393,190],"class_list":["post-12137","post","type-post","status-publish","format-standard","has-post-thumbnail","hentry","category-destaques","category-noticias2","category-regiao","category-tucano","tag-acidente","tag-feridos","tag-tucano"],"aioseo_notices":[],"_links":{"self":[{"href":"https:\/\/www.portalalerta.com.br\/index.php\/wp-json\/wp\/v2\/posts\/12137","targetHints":{"allow":["GET"]}}],"collection":[{"href":"https:\/\/www.portalalerta.com.br\/index.php\/wp-json\/wp\/v2\/posts"}],"about":[{"href":"https:\/\/www.portalalerta.com.br\/index.php\/wp-json\/wp\/v2\/types\/post"}],"author":[{"embeddable":true,"href":"https:\/\/www.portalalerta.com.br\/index.php\/wp-json\/wp\/v2\/users\/2"}],"replies":[{"embeddable":true,"href":"https:\/\/www.portalalerta.com.br\/index.php\/wp-json\/wp\/v2\/comments?post=12137"}],"version-history":[{"count":0,"href":"https:\/\/www.portalalerta.com.br\/index.php\/wp-json\/wp\/v2\/posts\/12137\/revisions"}],"wp:featuredmedia":[{"embeddable":true,"href":"https:\/\/www.portalalerta.com.br\/index.php\/wp-json\/wp\/v2\/media\/12138"}],"wp:attachment":[{"href":"https:\/\/www.portalalerta.com.br\/index.php\/wp-json\/wp\/v2\/media?parent=12137"}],"wp:term":[{"taxonomy":"category","embeddable":true,"href":"https:\/\/www.portalalerta.com.br\/index.php\/wp-json\/wp\/v2\/categories?post=12137"},{"taxonomy":"post_tag","embeddable":true,"href":"https:\/\/www.portalalerta.com.br\/index.php\/wp-json\/wp\/v2\/tags?post=12137"}],"curies":[{"name":"wp","href":"https:\/\/api.w.org\/{rel}","templated":true}]}}