{"id":12140,"date":"2018-11-14T17:40:46","date_gmt":"2018-11-14T20:40:46","guid":{"rendered":"http:\/\/www.portalalerta.com.br\/?p=12140"},"modified":"2018-11-14T17:40:46","modified_gmt":"2018-11-14T20:40:46","slug":"portaria-da-vara-da-infancia-e-da-juventude-restringe-a-presenca-de-criancas-e-adolescentes-bem-como-a-realizacao-de-eventos-festivos-em-ribeira-do-pombal-ba","status":"publish","type":"post","link":"https:\/\/www.portalalerta.com.br\/index.php\/2018\/11\/14\/portaria-da-vara-da-infancia-e-da-juventude-restringe-a-presenca-de-criancas-e-adolescentes-bem-como-a-realizacao-de-eventos-festivos-em-ribeira-do-pombal-ba\/","title":{"rendered":"Portaria da Vara da Inf\u00e2ncia e da Juventude, restringe a presen\u00e7a de crian\u00e7as e adolescentes, bem como a realiza\u00e7\u00e3o de eventos festivos em Ribeira do Pombal-BA"},"content":{"rendered":"<p style=\"text-align: justify;\">Uma portaria assinada na \u00faltima segunda-feira, 12, pelo Juiz de Direito, Paulo Henrique S. Santana, respons\u00e1vel pela Vara da Inf\u00e2ncia e da Juventude da Comarca de Ribeira do Pombal-BA, atribuiu algumas regras para a realiza\u00e7\u00e3o de eventos festivos, bem como restri\u00e7\u00f5es \u00e0 poss\u00edveis presen\u00e7as de crian\u00e7as e adolescentes nos referidos locais.<!--more--><\/p>\n<blockquote>\n<h3 style=\"text-align: justify;\">A Portaria n\u00ba 06\/2018, tem como objetivo <em>\u201cdisciplinar a entrada e perman\u00eancia de crian\u00e7a ou adolescente, desacompanhado dos pais ou respons\u00e1vel, em bailes ou promo\u00e7\u00f5es dan\u00e7antes, boates, bares ou cong\u00eaneres, sobre os prazos e documenta\u00e7\u00e3o alusiva aos pedidos de alvar\u00e1 e d\u00e1 outras provid\u00eancias.\u201d<\/em><\/h3>\n<\/blockquote>\n<p style=\"text-align: justify;\"><img fetchpriority=\"high\" decoding=\"async\" class=\"size-thumbnail wp-image-4869 aligncenter\" src=\"http:\/\/www.portalalerta.com.br\/wp-content\/uploads\/2018\/02\/Auto-Escola-Nobre-720x181.jpg\" alt=\"\" width=\"720\" height=\"181\" srcset=\"https:\/\/www.portalalerta.com.br\/wp-content\/uploads\/2018\/02\/Auto-Escola-Nobre.jpg 720w, https:\/\/www.portalalerta.com.br\/wp-content\/uploads\/2018\/02\/Auto-Escola-Nobre-260x65.jpg 260w, https:\/\/www.portalalerta.com.br\/wp-content\/uploads\/2018\/02\/Auto-Escola-Nobre-50x13.jpg 50w, https:\/\/www.portalalerta.com.br\/wp-content\/uploads\/2018\/02\/Auto-Escola-Nobre-150x38.jpg 150w\" sizes=\"(max-width: 720px) 100vw, 720px\" \/>De acordo com a decis\u00e3o, s\u00e3o consideradas promo\u00e7\u00f5es dan\u00e7antes: <strong>qualquer tipo de evento ou espet\u00e1culo com m\u00fasica, ao vivo ou n\u00e3o, inclusive as veiculadas em bares, restaurantes, clubes e espa\u00e7os abertos ao p\u00fablico<\/strong>. Esta exig\u00eancia n\u00e3o se aplica portanto, a eventos festivos particulares de car\u00e1ter familiar, como por exemplo: <strong>baile de formatura, casamento, anivers\u00e1rio, ou nas depend\u00eancias das institui\u00e7\u00f5es de ensino, religiosas e similares.<\/strong><\/p>\n<p style=\"text-align: justify;\">Isso significa que tanto os encontros de pared\u00f5es, bem como festas tradicionais da cidade, al\u00e9m de eventos realizados em bares e restaurantes do munic\u00edpio, est\u00e3o sujeitos a esta portaria. Devido a tal decis\u00e3o, os organizadores dos referidos eventos, dever\u00e3o comunicar ao ju\u00edzo local, solicitando assim o Alvar\u00e1, com prazo m\u00ednimo de trinta dias de anteced\u00eancia \u00e0 data prevista para a realiza\u00e7\u00e3o do evento.<\/p>\n<p style=\"text-align: justify;\">O pedido dever\u00e1 ser dirigido ao Juiz, acompanhado das seguintes informa\u00e7\u00f5es: <strong><em>data, local, idade dos participantes, hor\u00e1rio de in\u00edcio e t\u00e9rmino, quantidade de pessoas participantes (expectativa de p\u00fablico), faixa et\u00e1ria dos adolescentes e forma de identifica\u00e7\u00e3o\/ diferencia\u00e7\u00e3o dos menores dos demais adultos (camisas em cores diferentes, braceletes e etc); informa\u00e7\u00f5es acerca da seguran\u00e7a do evento e ( a empresa respons\u00e1vel e a quantidade de profissionais voltados a tal tarefa). Ainda dever\u00e1 contar com os seguintes documentos: Comunica\u00e7\u00e3o ao Minist\u00e9rio P\u00fablico, Of\u00edcios \u00e0s For\u00e7as de Seguran\u00e7a P\u00fablica, C\u00f3pia de RG e CPF ou CNPJ do organizador do evento festivo, c\u00f3pia do contrato de loca\u00e7\u00e3o ou autoriza\u00e7\u00e3o para uso do local do evento, c\u00f3pia do contrato com a empresa respons\u00e1vel pela seguran\u00e7a, Alvar\u00e1 de autoriza\u00e7\u00e3o emitido pelo munic\u00edpio, contrato de presta\u00e7\u00e3o de servi\u00e7o ambulatorial caso haja necessidade, e recolhimento da DAJE<\/em><\/strong>.<\/p>\n<p style=\"text-align: justify;\">A portaria entrou em vigor desde a \u00faltima segunda-feira, 12. <strong>Confira a decis\u00e3o na \u00edntegra:<\/strong><\/p>\n<p><img decoding=\"async\" class=\"aligncenter wp-image-12145 size-full\" src=\"http:\/\/www.portalalerta.com.br\/wp-content\/uploads\/2018\/11\/portaria-006.2018.jpeg\" alt=\"\" width=\"720\" height=\"1280\" srcset=\"https:\/\/www.portalalerta.com.br\/wp-content\/uploads\/2018\/11\/portaria-006.2018.jpeg 720w, https:\/\/www.portalalerta.com.br\/wp-content\/uploads\/2018\/11\/portaria-006.2018-135x240.jpeg 135w, https:\/\/www.portalalerta.com.br\/wp-content\/uploads\/2018\/11\/portaria-006.2018-576x1024.jpeg 576w, https:\/\/www.portalalerta.com.br\/wp-content\/uploads\/2018\/11\/portaria-006.2018-82x146.jpeg 82w, https:\/\/www.portalalerta.com.br\/wp-content\/uploads\/2018\/11\/portaria-006.2018-28x50.jpeg 28w, https:\/\/www.portalalerta.com.br\/wp-content\/uploads\/2018\/11\/portaria-006.2018-42x75.jpeg 42w\" sizes=\"(max-width: 720px) 100vw, 720px\" \/> <img decoding=\"async\" class=\"aligncenter wp-image-12141 size-full\" src=\"http:\/\/www.portalalerta.com.br\/wp-content\/uploads\/2018\/11\/portaria-006.2018.1.jpeg\" alt=\"\" width=\"720\" height=\"1280\" srcset=\"https:\/\/www.portalalerta.com.br\/wp-content\/uploads\/2018\/11\/portaria-006.2018.1.jpeg 720w, https:\/\/www.portalalerta.com.br\/wp-content\/uploads\/2018\/11\/portaria-006.2018.1-135x240.jpeg 135w, https:\/\/www.portalalerta.com.br\/wp-content\/uploads\/2018\/11\/portaria-006.2018.1-576x1024.jpeg 576w, https:\/\/www.portalalerta.com.br\/wp-content\/uploads\/2018\/11\/portaria-006.2018.1-82x146.jpeg 82w, https:\/\/www.portalalerta.com.br\/wp-content\/uploads\/2018\/11\/portaria-006.2018.1-28x50.jpeg 28w, https:\/\/www.portalalerta.com.br\/wp-content\/uploads\/2018\/11\/portaria-006.2018.1-42x75.jpeg 42w\" sizes=\"(max-width: 720px) 100vw, 720px\" \/> <img loading=\"lazy\" decoding=\"async\" class=\"aligncenter wp-image-12142 size-full\" src=\"http:\/\/www.portalalerta.com.br\/wp-content\/uploads\/2018\/11\/portaria-006.2018.2.jpeg\" alt=\"\" width=\"720\" height=\"1280\" srcset=\"https:\/\/www.portalalerta.com.br\/wp-content\/uploads\/2018\/11\/portaria-006.2018.2.jpeg 720w, https:\/\/www.portalalerta.com.br\/wp-content\/uploads\/2018\/11\/portaria-006.2018.2-135x240.jpeg 135w, https:\/\/www.portalalerta.com.br\/wp-content\/uploads\/2018\/11\/portaria-006.2018.2-576x1024.jpeg 576w, https:\/\/www.portalalerta.com.br\/wp-content\/uploads\/2018\/11\/portaria-006.2018.2-82x146.jpeg 82w, https:\/\/www.portalalerta.com.br\/wp-content\/uploads\/2018\/11\/portaria-006.2018.2-28x50.jpeg 28w, https:\/\/www.portalalerta.com.br\/wp-content\/uploads\/2018\/11\/portaria-006.2018.2-42x75.jpeg 42w\" sizes=\"(max-width: 720px) 100vw, 720px\" \/> <img loading=\"lazy\" decoding=\"async\" class=\"aligncenter wp-image-12143 size-full\" src=\"http:\/\/www.portalalerta.com.br\/wp-content\/uploads\/2018\/11\/portaria-006.2018.3.jpeg\" alt=\"\" width=\"720\" height=\"1280\" srcset=\"https:\/\/www.portalalerta.com.br\/wp-content\/uploads\/2018\/11\/portaria-006.2018.3.jpeg 720w, https:\/\/www.portalalerta.com.br\/wp-content\/uploads\/2018\/11\/portaria-006.2018.3-135x240.jpeg 135w, https:\/\/www.portalalerta.com.br\/wp-content\/uploads\/2018\/11\/portaria-006.2018.3-576x1024.jpeg 576w, https:\/\/www.portalalerta.com.br\/wp-content\/uploads\/2018\/11\/portaria-006.2018.3-82x146.jpeg 82w, https:\/\/www.portalalerta.com.br\/wp-content\/uploads\/2018\/11\/portaria-006.2018.3-28x50.jpeg 28w, https:\/\/www.portalalerta.com.br\/wp-content\/uploads\/2018\/11\/portaria-006.2018.3-42x75.jpeg 42w\" sizes=\"(max-width: 720px) 100vw, 720px\" \/> <img loading=\"lazy\" decoding=\"async\" class=\"aligncenter wp-image-12144 size-full\" src=\"http:\/\/www.portalalerta.com.br\/wp-content\/uploads\/2018\/11\/portaria-006.2018.4.jpeg\" alt=\"\" width=\"720\" height=\"1280\" srcset=\"https:\/\/www.portalalerta.com.br\/wp-content\/uploads\/2018\/11\/portaria-006.2018.4.jpeg 720w, https:\/\/www.portalalerta.com.br\/wp-content\/uploads\/2018\/11\/portaria-006.2018.4-135x240.jpeg 135w, https:\/\/www.portalalerta.com.br\/wp-content\/uploads\/2018\/11\/portaria-006.2018.4-576x1024.jpeg 576w, https:\/\/www.portalalerta.com.br\/wp-content\/uploads\/2018\/11\/portaria-006.2018.4-82x146.jpeg 82w, https:\/\/www.portalalerta.com.br\/wp-content\/uploads\/2018\/11\/portaria-006.2018.4-28x50.jpeg 28w, https:\/\/www.portalalerta.com.br\/wp-content\/uploads\/2018\/11\/portaria-006.2018.4-42x75.jpeg 42w\" sizes=\"(max-width: 720px) 100vw, 720px\" \/><\/p>\n<p style=\"text-align: justify;\"><a href=\"http:\/\/www.facebook.com.br\/pombalalerta\"><strong>Curta nossa p\u00e1gina no facebook, e continue atualizado sobre tudo o que acontece em sua cidade!<\/strong><\/a><\/p>\n<p style=\"text-align: justify;\"><a href=\"https:\/\/play.google.com\/store\/apps\/details?id=com.globalstore.pombalalerta&amp;hl=pt_BR\"><strong>Baixe o nosso aplicativo, e fique de olho na not\u00edcia!<\/strong><\/a><\/p>\n<p style=\"text-align: justify;\"><em>Reda\u00e7\u00e3o: Portal Alerta <\/em><\/p>\n","protected":false},"excerpt":{"rendered":"<p>Uma portaria assinada na \u00faltima segunda-feira, 12, pelo Juiz de Direito, Paulo Henrique S. Santana, respons\u00e1vel pela Vara da Inf\u00e2ncia e da Juventude da Comarca de Ribeira do Pombal-BA, atribuiu algumas regras para a realiza\u00e7\u00e3o de eventos festivos, bem como restri\u00e7\u00f5es \u00e0 poss\u00edveis presen\u00e7as de crian\u00e7as e adolescentes nos referidos locais.<\/p>\n","protected":false},"author":2,"featured_media":12146,"comment_status":"open","ping_status":"open","sticky":false,"template":"","format":"standard","meta":{"om_disable_all_campaigns":false,"_monsterinsights_skip_tracking":false,"_monsterinsights_sitenote_active":false,"_monsterinsights_sitenote_note":"","_monsterinsights_sitenote_category":0,"footnotes":""},"categories":[70,36,69,32,3],"tags":[1202,270,47,1864],"class_list":["post-12140","post","type-post","status-publish","format-standard","has-post-thumbnail","hentry","category-destaques","category-lazer","category-noticias2","category-regiao","category-ribeira-do-pombal","tag-festas","tag-justica","tag-ribeira-do-pombal","tag-vara-da-infancia-e-da-juventude"],"aioseo_notices":[],"_links":{"self":[{"href":"https:\/\/www.portalalerta.com.br\/index.php\/wp-json\/wp\/v2\/posts\/12140","targetHints":{"allow":["GET"]}}],"collection":[{"href":"https:\/\/www.portalalerta.com.br\/index.php\/wp-json\/wp\/v2\/posts"}],"about":[{"href":"https:\/\/www.portalalerta.com.br\/index.php\/wp-json\/wp\/v2\/types\/post"}],"author":[{"embeddable":true,"href":"https:\/\/www.portalalerta.com.br\/index.php\/wp-json\/wp\/v2\/users\/2"}],"replies":[{"embeddable":true,"href":"https:\/\/www.portalalerta.com.br\/index.php\/wp-json\/wp\/v2\/comments?post=12140"}],"version-history":[{"count":0,"href":"https:\/\/www.portalalerta.com.br\/index.php\/wp-json\/wp\/v2\/posts\/12140\/revisions"}],"wp:featuredmedia":[{"embeddable":true,"href":"https:\/\/www.portalalerta.com.br\/index.php\/wp-json\/wp\/v2\/media\/12146"}],"wp:attachment":[{"href":"https:\/\/www.portalalerta.com.br\/index.php\/wp-json\/wp\/v2\/media?parent=12140"}],"wp:term":[{"taxonomy":"category","embeddable":true,"href":"https:\/\/www.portalalerta.com.br\/index.php\/wp-json\/wp\/v2\/categories?post=12140"},{"taxonomy":"post_tag","embeddable":true,"href":"https:\/\/www.portalalerta.com.br\/index.php\/wp-json\/wp\/v2\/tags?post=12140"}],"curies":[{"name":"wp","href":"https:\/\/api.w.org\/{rel}","templated":true}]}}