{"id":13263,"date":"2019-01-02T23:01:24","date_gmt":"2019-01-03T02:01:24","guid":{"rendered":"http:\/\/www.portalalerta.com.br\/?p=13263"},"modified":"2019-01-02T23:01:24","modified_gmt":"2019-01-03T02:01:24","slug":"banzae-ba-registra-o-primeiro-homicidio-do-ano-vitima-era-adolescente-acusado-de-chefiar-trafico-em-tucano-ba","status":"publish","type":"post","link":"https:\/\/www.portalalerta.com.br\/index.php\/2019\/01\/02\/banzae-ba-registra-o-primeiro-homicidio-do-ano-vitima-era-adolescente-acusado-de-chefiar-trafico-em-tucano-ba\/","title":{"rendered":"Banza\u00ea-BA registra o primeiro homic\u00eddio do ano. V\u00edtima era adolescente acusado de chefiar tr\u00e1fico em Tucano-BA"},"content":{"rendered":"<p style=\"text-align: justify;\">Na madrugada de quarta-feira, 02, um adolescente de apenas 17 anos, foi v\u00edtima de um homic\u00eddio quando se encontrava no interior de uma resid\u00eancia, situada no Povoado Camar\u00e3o, em Banza\u00ea-BA.<!--more--><\/p>\n<p style=\"text-align: justify;\">De acordo com testemunhas, al\u00e9m da v\u00edtima identificada como Robson Santana da Silva, um casal se encontrava no interior da casa. Os autores retiraram o casal da resid\u00eancia, e efetuaram cerca de cinco disparos de arma de fogo contra Robson, que morreu no local.<\/p>\n<p style=\"text-align: justify;\"><img fetchpriority=\"high\" decoding=\"async\" class=\"size-full wp-image-2867 aligncenter\" src=\"http:\/\/www.portalalerta.com.br\/wp-content\/uploads\/2017\/11\/protege-1.jpg\" alt=\"\" width=\"600\" height=\"140\" \/>Policiais militares da cidade s\u00f3 souberam do crime por volta das 08:30hs, e imediatamente se dirigiram at\u00e9 o povoado, onde j\u00e1 n\u00e3o havia mais nada a fazer, a n\u00e3o ser preservar o local e acionar o Departamento de Pol\u00edcia T\u00e9cnica (DPT \u2013 Euclides da Cunha), para a realiza\u00e7\u00e3o da per\u00edcia, bem como a remo\u00e7\u00e3o do corpo para ser autopsiado.<\/p>\n<p style=\"text-align: justify;\">Segundo investiga\u00e7\u00f5es, embora jovem, a v\u00edtima era apontada como um dos chefes de uma fac\u00e7\u00e3o criminosa, no bairro Cruzeiro, em Tucano-BA.<\/p>\n<figure id=\"attachment_13264\" aria-describedby=\"caption-attachment-13264\" style=\"width: 720px\" class=\"wp-caption aligncenter\"><img decoding=\"async\" class=\"wp-image-13264 size-full\" src=\"http:\/\/www.portalalerta.com.br\/wp-content\/uploads\/2019\/01\/homic\u00eddio-em-Banza\u00ea-2019.jpeg\" alt=\"\" width=\"720\" height=\"550\" srcset=\"https:\/\/www.portalalerta.com.br\/wp-content\/uploads\/2019\/01\/homic\u00eddio-em-Banza\u00ea-2019.jpeg 720w, https:\/\/www.portalalerta.com.br\/wp-content\/uploads\/2019\/01\/homic\u00eddio-em-Banza\u00ea-2019-314x240.jpeg 314w, https:\/\/www.portalalerta.com.br\/wp-content\/uploads\/2019\/01\/homic\u00eddio-em-Banza\u00ea-2019-191x146.jpeg 191w, https:\/\/www.portalalerta.com.br\/wp-content\/uploads\/2019\/01\/homic\u00eddio-em-Banza\u00ea-2019-50x38.jpeg 50w, https:\/\/www.portalalerta.com.br\/wp-content\/uploads\/2019\/01\/homic\u00eddio-em-Banza\u00ea-2019-98x75.jpeg 98w\" sizes=\"(max-width: 720px) 100vw, 720px\" \/><figcaption id=\"caption-attachment-13264\" class=\"wp-caption-text\">Robson era apontado como um dos l\u00edderes do tr\u00e1fico em Tucano-BA<\/figcaption><\/figure>\n<p style=\"text-align: justify;\"><a href=\"http:\/\/www.facebook.com.br\/pombalalerta\"><strong style=\"font-style: inherit;\">Curta nossa p\u00e1gina no facebook, e continue atualizado sobre tudo o que acontece em sua cidade!<\/strong><\/a><\/p>\n<p style=\"text-align: justify;\"><a href=\"https:\/\/play.google.com\/store\/apps\/details?id=com.globalstore.pombalalerta&amp;hl=pt_BR\"><strong style=\"font-style: inherit;\">Baixe o nosso aplicativo, e fique de olho na not\u00edcia!<\/strong><\/a><\/p>\n<p style=\"text-align: justify;\"><em style=\"font-weight: inherit;\">Reda\u00e7\u00e3o: Portal Alerta<\/em><\/p>\n","protected":false},"excerpt":{"rendered":"<p>Na madrugada de quarta-feira, 02, um adolescente de apenas 17 anos, foi v\u00edtima de um homic\u00eddio quando se encontrava no interior de uma resid\u00eancia, situada no Povoado Camar\u00e3o, em Banza\u00ea-BA.<\/p>\n","protected":false},"author":2,"featured_media":13265,"comment_status":"open","ping_status":"open","sticky":false,"template":"","format":"standard","meta":{"om_disable_all_campaigns":false,"_monsterinsights_skip_tracking":false,"_monsterinsights_sitenote_active":false,"_monsterinsights_sitenote_note":"","_monsterinsights_sitenote_category":0,"footnotes":""},"categories":[39,70,69,32,22,12],"tags":[49,206,229,76,190],"class_list":["post-13263","post","type-post","status-publish","format-standard","has-post-thumbnail","hentry","category-banzae","category-destaques","category-noticias2","category-regiao","category-seguranca","category-tucano","tag-banzae","tag-homicidio","tag-povoado","tag-trafico-de-drogas","tag-tucano"],"aioseo_notices":[],"_links":{"self":[{"href":"https:\/\/www.portalalerta.com.br\/index.php\/wp-json\/wp\/v2\/posts\/13263","targetHints":{"allow":["GET"]}}],"collection":[{"href":"https:\/\/www.portalalerta.com.br\/index.php\/wp-json\/wp\/v2\/posts"}],"about":[{"href":"https:\/\/www.portalalerta.com.br\/index.php\/wp-json\/wp\/v2\/types\/post"}],"author":[{"embeddable":true,"href":"https:\/\/www.portalalerta.com.br\/index.php\/wp-json\/wp\/v2\/users\/2"}],"replies":[{"embeddable":true,"href":"https:\/\/www.portalalerta.com.br\/index.php\/wp-json\/wp\/v2\/comments?post=13263"}],"version-history":[{"count":0,"href":"https:\/\/www.portalalerta.com.br\/index.php\/wp-json\/wp\/v2\/posts\/13263\/revisions"}],"wp:featuredmedia":[{"embeddable":true,"href":"https:\/\/www.portalalerta.com.br\/index.php\/wp-json\/wp\/v2\/media\/13265"}],"wp:attachment":[{"href":"https:\/\/www.portalalerta.com.br\/index.php\/wp-json\/wp\/v2\/media?parent=13263"}],"wp:term":[{"taxonomy":"category","embeddable":true,"href":"https:\/\/www.portalalerta.com.br\/index.php\/wp-json\/wp\/v2\/categories?post=13263"},{"taxonomy":"post_tag","embeddable":true,"href":"https:\/\/www.portalalerta.com.br\/index.php\/wp-json\/wp\/v2\/tags?post=13263"}],"curies":[{"name":"wp","href":"https:\/\/api.w.org\/{rel}","templated":true}]}}