{"id":13325,"date":"2019-01-06T15:08:05","date_gmt":"2019-01-06T18:08:05","guid":{"rendered":"http:\/\/www.portalalerta.com.br\/?p=13325"},"modified":"2019-01-06T15:08:05","modified_gmt":"2019-01-06T18:08:05","slug":"mancha-criminal-de-euclides-da-cunha-ba-ano-2018","status":"publish","type":"post","link":"https:\/\/www.portalalerta.com.br\/index.php\/2019\/01\/06\/mancha-criminal-de-euclides-da-cunha-ba-ano-2018\/","title":{"rendered":"Mancha Criminal de Euclides da Cunha-BA, ano 2018"},"content":{"rendered":"<p style=\"text-align: justify;\">Em 2018, Euclides da Cunha-BA registrou doze homic\u00eddios, sendo cinco deles de motiva\u00e7\u00f5es desconhecidas, cinco por envolvimento com o crime organizado, um durante uma discuss\u00e3o em fam\u00edlia, e o outro cometido por uma pessoa com transtornos mentais.<!--more--><\/p>\n<p style=\"text-align: justify;\">Atualmente Euclides da Cunha \u00e9 habitada por 60.558 pessoas, de acordo com o \u00faltimo levantamento do IBGE. Desta forma, analisando em propor\u00e7\u00e3o, ficou com uma m\u00e9dia de 20 homic\u00eddios para cada 100.000 habitantes.<\/p>\n<p style=\"text-align: justify;\">Por fim, se concluiu que o m\u00eas mais violento do ano, foi janeiro, registrando tr\u00eas homic\u00eddios. \u00a0Nove destes crimes foram cometidos com arma de fogo, dois com faca, e um por espancamento com um peda\u00e7o de madeira.<\/p>\n<p style=\"text-align: justify;\">Vale ressaltar que estes dados s\u00e3o baseados em mat\u00e9rias jornal\u00edsticas do site PORTAL ALERTA, n\u00e3o incluindo mortes por interven\u00e7\u00f5es policiais, o que pode ser contestadas pelas autoridades policiais.<\/p>\n<p style=\"text-align: justify;\"><strong>Confira o Mapa:<\/strong><\/p>\n<p style=\"text-align: justify;\"><img fetchpriority=\"high\" decoding=\"async\" class=\"aligncenter wp-image-13326 size-full\" src=\"http:\/\/www.portalalerta.com.br\/wp-content\/uploads\/2019\/01\/Mancha-Criminal-Homic\u00eddios-Euclides-da-Cunha-2018.jpg\" alt=\"\" width=\"700\" height=\"500\" srcset=\"https:\/\/www.portalalerta.com.br\/wp-content\/uploads\/2019\/01\/Mancha-Criminal-Homic\u00eddios-Euclides-da-Cunha-2018.jpg 700w, https:\/\/www.portalalerta.com.br\/wp-content\/uploads\/2019\/01\/Mancha-Criminal-Homic\u00eddios-Euclides-da-Cunha-2018-336x240.jpg 336w, https:\/\/www.portalalerta.com.br\/wp-content\/uploads\/2019\/01\/Mancha-Criminal-Homic\u00eddios-Euclides-da-Cunha-2018-204x146.jpg 204w, https:\/\/www.portalalerta.com.br\/wp-content\/uploads\/2019\/01\/Mancha-Criminal-Homic\u00eddios-Euclides-da-Cunha-2018-50x36.jpg 50w, https:\/\/www.portalalerta.com.br\/wp-content\/uploads\/2019\/01\/Mancha-Criminal-Homic\u00eddios-Euclides-da-Cunha-2018-105x75.jpg 105w\" sizes=\"(max-width: 700px) 100vw, 700px\" \/><\/p>\n<p style=\"text-align: justify;\"><a href=\"http:\/\/www.portalalerta.com.br\/index.php\/2018\/01\/06\/ano-comeca-violento-em-euclides-da-cunha-ba\/\"><strong>1 \u2013 Marcos da Silva Alves (Marcos Pintor), 44 anos, em 05\/01\/2018<\/strong><\/a><\/p>\n<p style=\"text-align: justify;\"><strong>Local:<\/strong> Estrada do Pedregulho<\/p>\n<p style=\"text-align: justify;\"><strong>Meio Utilizado:<\/strong> Pauladas<\/p>\n<p style=\"text-align: justify;\"><strong>Poss\u00edvel Motiva\u00e7\u00e3o:<\/strong> Desconhecida<\/p>\n<p style=\"text-align: justify;\"><a href=\"http:\/\/www.portalalerta.com.br\/index.php\/2018\/01\/09\/euclides-da-cunha-ba-registra-o-segundo-homicidio-do-ano\/\"><strong>2 \u2013 Devinho, nome e idade n\u00e3o revelados, em 07\/01\/2018<\/strong><\/a><\/p>\n<p style=\"text-align: justify;\"><strong>Local:<\/strong> Bairro Nova Am\u00e9rica<\/p>\n<p style=\"text-align: justify;\"><strong>Meio Utilizado:<\/strong> Arma de Fogo<\/p>\n<p style=\"text-align: justify;\"><strong>Poss\u00edvel Motiva\u00e7\u00e3o:<\/strong> Crime Organizado<\/p>\n<p style=\"text-align: justify;\"><a href=\"http:\/\/www.portalalerta.com.br\/index.php\/2018\/01\/15\/um-morto-e-outro-ferido-durante-atentado-contra-irmaos-em-euclides-da-cunha-ba\/\"><strong>3 \u2013 Cristiano Pereira Brito, idade n\u00e3o informada, em 14\/01\/2018<\/strong><\/a><\/p>\n<p style=\"text-align: justify;\"><strong>Local:<\/strong> Rua Monte Santo, Dengo<\/p>\n<p style=\"text-align: justify;\"><strong>Meio Utilizado:<\/strong> Arma de Fogo<\/p>\n<p style=\"text-align: justify;\"><strong>Poss\u00edvel Motiva\u00e7\u00e3o:<\/strong> Desconhecida<\/p>\n<p style=\"text-align: justify;\"><a href=\"http:\/\/www.portalalerta.com.br\/index.php\/2018\/04\/09\/homem-e-assassinado-pelo-proprio-irmao-em-euclides-da-cunha-ba\/\"><strong>4 \u2013 Marcelo, idade n\u00e3o informada, em 03\/04\/2018<\/strong><\/a><\/p>\n<p style=\"text-align: justify;\"><strong>Local:<\/strong> Queimada de Santo Antonio<\/p>\n<p style=\"text-align: justify;\"><strong>Meio Utilizado:<\/strong> Facada<\/p>\n<p style=\"text-align: justify;\"><strong>Poss\u00edvel Motiva\u00e7\u00e3o:<\/strong> Discuss\u00e3o em Fam\u00edlia<\/p>\n<p style=\"text-align: justify;\"><a href=\"http:\/\/www.portalalerta.com.br\/index.php\/2018\/06\/10\/ex-parceiro-de-traficante-e-morto-a-tiros-no-centro-de-euclides-da-cunha-ba\/\"><strong>5 \u2013 Mauro de Santana Santos (Mauro de Serr\u00e2nia), 24 anos, em 07\/06\/2018<\/strong><\/a><\/p>\n<p style=\"text-align: justify;\"><strong>Local:<\/strong> Av. Cel. Almerindo Rehem, centro<\/p>\n<p style=\"text-align: justify;\"><strong>Meio Utilizado:<\/strong> Arma de Fogo<\/p>\n<p style=\"text-align: justify;\"><strong>Poss\u00edvel Motiva\u00e7\u00e3o:<\/strong> Crime Organizado<\/p>\n<p style=\"text-align: justify;\"><a href=\"http:\/\/www.portalalerta.com.br\/index.php\/2018\/07\/08\/marcado-para-morrer-homem-e-assassinado-em-euclides-da-cunha-ba\/\"><strong>6 \u2013 Antonio Jos\u00e9 Muniz de Jesus (Neg\u00e3o do Araci), 27 anos, em 07\/07\/2018<\/strong><\/a><\/p>\n<p style=\"text-align: justify;\"><strong>Local:<\/strong> Conjunto Habitacional Jo\u00e3o Bartolomeu, Minha Casa Minha Vida<\/p>\n<p style=\"text-align: justify;\"><strong>Meio Utilizado:<\/strong> Arma de Fogo<\/p>\n<p style=\"text-align: justify;\"><strong>Poss\u00edvel Motiva\u00e7\u00e3o:<\/strong> Crime Organizado<\/p>\n<p style=\"text-align: justify;\"><a href=\"http:\/\/www.portalalerta.com.br\/index.php\/2018\/08\/07\/jovem-e-encontrado-morto-na-zona-rural-de-euclides-da-cunha-ba\/\"><strong>7 \u2013 Kelvin (Sombra), aproximadamente 25 anos, em 06\/08\/2018<\/strong><\/a><\/p>\n<p style=\"text-align: justify;\"><strong>Local:<\/strong> Povoado Lagoa do Oiteiro<\/p>\n<p style=\"text-align: justify;\"><strong>Meio Utilizado:<\/strong> Arma de Fogo<\/p>\n<p style=\"text-align: justify;\"><strong>Poss\u00edvel Motiva\u00e7\u00e3o:<\/strong> Desconhecida<\/p>\n<p style=\"text-align: justify;\"><a href=\"http:\/\/www.portalalerta.com.br\/index.php\/2018\/09\/07\/euclides-da-cunha-ba-volta-a-registrar-mais-um-homicidio\/\"><strong>8 \u2013 Marcelo Pereira da Cruz, 21 anos, em 07\/09\/2018<\/strong><\/a><\/p>\n<p style=\"text-align: justify;\"><strong>Local:<\/strong> Minha Casa Minha Vida<\/p>\n<p style=\"text-align: justify;\"><strong>Meio Utilizado:<\/strong> Arma de Fogo<\/p>\n<p style=\"text-align: justify;\"><strong>Poss\u00edvel Motiva\u00e7\u00e3o:<\/strong> Crime Organizado<\/p>\n<p style=\"text-align: justify;\"><a href=\"http:\/\/www.portalalerta.com.br\/index.php\/2018\/09\/19\/jovem-e-executado-a-tiros-no-centro-de-euclides-da-cunha-ba\/\"><strong>9 \u2013 Lu\u00edz Pereira da Silva, 19 anos, em 17\/09\/2018<\/strong><\/a><\/p>\n<p style=\"text-align: justify;\"><strong>Local:<\/strong> Rua Santa Cruz (Rua do Curral)<\/p>\n<p style=\"text-align: justify;\"><strong>Meio Utilizado:<\/strong> Arma de Fogo<\/p>\n<p style=\"text-align: justify;\"><strong>Poss\u00edvel Motiva\u00e7\u00e3o:<\/strong> Desconhecida<\/p>\n<p style=\"text-align: justify;\"><a href=\"http:\/\/www.portalalerta.com.br\/index.php\/2018\/10\/17\/homicidio-em-plena-luz-do-dia-no-centro-de-euclides-da-cunha-ba-deixa-moradores-chocados\/\"><strong>10 \u2013 Salviano Alves de Brito, idade n\u00e3o revelada, em 17\/10\/2018<\/strong><\/a><\/p>\n<p style=\"text-align: justify;\"><strong>Local:<\/strong> Avenida Ruy Barbosa<\/p>\n<p style=\"text-align: justify;\"><strong>Meio Utilizado:<\/strong> Facada<\/p>\n<p style=\"text-align: justify;\"><strong>Poss\u00edvel Motiva\u00e7\u00e3o:<\/strong> Autor possui transtornos mentais<\/p>\n<p style=\"text-align: justify;\"><a href=\"http:\/\/www.portalalerta.com.br\/index.php\/2018\/11\/11\/euclides-da-cunha-ba-volta-a-registrar-mais-um-homicidio-2\/\"><strong>11 \u2013 Marcelo, idade n\u00e3o informada, em 10\/11\/2018<\/strong><\/a><\/p>\n<p style=\"text-align: justify;\"><strong>Local:<\/strong> BR 116<\/p>\n<p style=\"text-align: justify;\"><strong>Meio Utilizado:<\/strong> Arma de Fogo<\/p>\n<p style=\"text-align: justify;\"><strong>Poss\u00edvel Motiva\u00e7\u00e3o:<\/strong> Crime Organizado<\/p>\n<p style=\"text-align: justify;\"><a href=\"http:\/\/www.portalalerta.com.br\/index.php\/2018\/11\/22\/homem-e-assassinado-a-tiros-em-em-plena-luz-do-dia-em-euclides-da-cunha-ba\/\"><strong>12 \u2013 Lucim\u00e1rio de Jesus Nascimento (Mauro), idade n\u00e3o informada, em 21\/11\/2018<\/strong><\/a><\/p>\n<p style=\"text-align: justify;\"><strong>Local:<\/strong> bairro Nova Am\u00e9rica<\/p>\n<p style=\"text-align: justify;\"><strong>Meio Utilizado:<\/strong> Arma de Fogo<\/p>\n<p style=\"text-align: justify;\"><strong>Poss\u00edvel Motiva\u00e7\u00e3o:<\/strong> Desconhecida<\/p>\n<p style=\"text-align: justify;\"><a href=\"http:\/\/www.facebook.com.br\/pombalalerta\"><strong>Curta nossa p\u00e1gina no facebook, e continue atualizado sobre tudo o que acontece em sua cidade!<\/strong><\/a><\/p>\n<p style=\"text-align: justify;\"><a href=\"https:\/\/play.google.com\/store\/apps\/details?id=com.globalstore.pombalalerta&amp;hl=pt_BR\"><strong>Baixe o nosso aplicativo, e fique de olho na not\u00edcia!<\/strong><\/a><\/p>\n<p style=\"text-align: justify;\"><em>Reda\u00e7\u00e3o: Portal Alerta<\/em><\/p>\n","protected":false},"excerpt":{"rendered":"<p>Em 2018, Euclides da Cunha-BA registrou doze homic\u00eddios, sendo cinco deles de motiva\u00e7\u00f5es desconhecidas, cinco por envolvimento com o crime organizado, um durante uma discuss\u00e3o em fam\u00edlia, e o outro cometido por uma pessoa com transtornos mentais.<\/p>\n","protected":false},"author":2,"featured_media":13327,"comment_status":"open","ping_status":"open","sticky":false,"template":"","format":"standard","meta":{"om_disable_all_campaigns":false,"_monsterinsights_skip_tracking":false,"_monsterinsights_sitenote_active":false,"_monsterinsights_sitenote_note":"","_monsterinsights_sitenote_category":0,"footnotes":""},"categories":[17],"tags":[124,129,206,500],"class_list":["post-13325","post","type-post","status-publish","format-standard","has-post-thumbnail","hentry","category-euclides-da-cunha","tag-124","tag-euclides-da-cunha","tag-homicidio","tag-mancha-criminal"],"aioseo_notices":[],"_links":{"self":[{"href":"https:\/\/www.portalalerta.com.br\/index.php\/wp-json\/wp\/v2\/posts\/13325","targetHints":{"allow":["GET"]}}],"collection":[{"href":"https:\/\/www.portalalerta.com.br\/index.php\/wp-json\/wp\/v2\/posts"}],"about":[{"href":"https:\/\/www.portalalerta.com.br\/index.php\/wp-json\/wp\/v2\/types\/post"}],"author":[{"embeddable":true,"href":"https:\/\/www.portalalerta.com.br\/index.php\/wp-json\/wp\/v2\/users\/2"}],"replies":[{"embeddable":true,"href":"https:\/\/www.portalalerta.com.br\/index.php\/wp-json\/wp\/v2\/comments?post=13325"}],"version-history":[{"count":0,"href":"https:\/\/www.portalalerta.com.br\/index.php\/wp-json\/wp\/v2\/posts\/13325\/revisions"}],"wp:featuredmedia":[{"embeddable":true,"href":"https:\/\/www.portalalerta.com.br\/index.php\/wp-json\/wp\/v2\/media\/13327"}],"wp:attachment":[{"href":"https:\/\/www.portalalerta.com.br\/index.php\/wp-json\/wp\/v2\/media?parent=13325"}],"wp:term":[{"taxonomy":"category","embeddable":true,"href":"https:\/\/www.portalalerta.com.br\/index.php\/wp-json\/wp\/v2\/categories?post=13325"},{"taxonomy":"post_tag","embeddable":true,"href":"https:\/\/www.portalalerta.com.br\/index.php\/wp-json\/wp\/v2\/tags?post=13325"}],"curies":[{"name":"wp","href":"https:\/\/api.w.org\/{rel}","templated":true}]}}