{"id":13431,"date":"2019-01-08T14:18:20","date_gmt":"2019-01-08T17:18:20","guid":{"rendered":"http:\/\/www.portalalerta.com.br\/?p=13431"},"modified":"2019-01-08T14:18:20","modified_gmt":"2019-01-08T17:18:20","slug":"cipo-ba-o-que-de-fato-aconteceu-com-a-jovem-joana","status":"publish","type":"post","link":"https:\/\/www.portalalerta.com.br\/index.php\/2019\/01\/08\/cipo-ba-o-que-de-fato-aconteceu-com-a-jovem-joana\/","title":{"rendered":"Cip\u00f3-BA: O que de fato aconteceu com a jovem Joana?"},"content":{"rendered":"<p style=\"text-align: justify;\">No dia 1\u00ba de janeiro de 2019, um acidente teria chamado a aten\u00e7\u00e3o de moradores de Macei\u00f3-AL. Na ocasi\u00e3o uma jovem at\u00e9 ent\u00e3o n\u00e3o identificada teria tentado furtar uma motocicleta de um mototaxista da qual ela era passageira.<!--more--><\/p>\n<p style=\"text-align: justify;\">A informa\u00e7\u00e3o que se tornou p\u00fablica atrav\u00e9s da imprensa alagoana, foi passada com base no depoimento do mototaxista Elismar Gomes da Silva, afirmando que no momento em que transitava pela Avenida Pierre Chalita, em Macei\u00f3, o capacete da passageira teria ca\u00eddo, e ao parar a motocicleta para pegar o objeto, o mototaxista foi surpreendido pela garota, que teria assumido a dire\u00e7\u00e3o do ve\u00edculo, saindo em disparada, configurando assim um suposto furto. Na sequ\u00eancia, ao passar em alta velocidade por uma lombada, a jovem teria se desequilibrado, e ca\u00eddo.<\/p>\n<p style=\"text-align: justify;\"><img fetchpriority=\"high\" decoding=\"async\" class=\"size-full wp-image-2902 alignleft\" src=\"http:\/\/www.portalalerta.com.br\/wp-content\/uploads\/2017\/11\/elab-2.jpg\" alt=\"\" width=\"310\" height=\"200\" srcset=\"https:\/\/www.portalalerta.com.br\/wp-content\/uploads\/2017\/11\/elab-2.jpg 310w, https:\/\/www.portalalerta.com.br\/wp-content\/uploads\/2017\/11\/elab-2-226x146.jpg 226w, https:\/\/www.portalalerta.com.br\/wp-content\/uploads\/2017\/11\/elab-2-50x32.jpg 50w, https:\/\/www.portalalerta.com.br\/wp-content\/uploads\/2017\/11\/elab-2-116x75.jpg 116w\" sizes=\"(max-width: 310px) 100vw, 310px\" \/>V\u00e1rias foram as vers\u00f5es sobre o caso. O site PORTAL ALERTA teve acesso a dois v\u00eddeos: um deles publicado na mat\u00e9ria <a href=\"https:\/\/www.tnh1.com.br\/noticia\/nid\/video-jovem-rouba-moto-e-sofre-acidente-logo-em-seguida-na-pierre-chalita\/\"><strong>do site TNH1<\/strong><\/a>, e o outro amplamente compartilhado nas redes sociais. Neste \u00faltimo, a jovem aparenta est\u00e1 inconsciente, e a todo momento \u00e9 acusada de furto, tanto pelo mototaxista, quanto pela popula\u00e7\u00e3o que ali se encontrava. Por expor a jovem, que no v\u00eddeo mostra cenas em que a mesma se encontra com os seios \u00e0 mostra, o PORTAL ALERTA preferiu n\u00e3o veicular as referidas imagens.<\/p>\n<p style=\"text-align: justify;\">Por fim, a not\u00edcia se espalhou, chegando a Estados vizinhos, e n\u00e3o poderia ser diferente \u00e0 Bahia, Estado de morada da jovem, identificada pelo prenome Joana, moradora do munic\u00edpio de Cip\u00f3-BA. Imediatamente, parentes,amigos e at\u00e9 mesmo pessoas que n\u00e3o t\u00eam amizade com a jovem, mas a conhecem, sa\u00edram em defesa da garota, que at\u00e9 ent\u00e3o tem uma hist\u00f3ria de vida incontest\u00e1vel. Al\u00e9m da publica\u00e7\u00e3o de uma fotografia da jovem em redes sociais, com a frase: \u201cEstamos juntos\u201d, a popula\u00e7\u00e3o cipoense quer saber: O que de fato aconteceu com a jovem Joana?<\/p>\n<figure id=\"attachment_13432\" aria-describedby=\"caption-attachment-13432\" style=\"width: 720px\" class=\"wp-caption aligncenter\"><img decoding=\"async\" class=\"wp-image-13432 size-full\" src=\"http:\/\/www.portalalerta.com.br\/wp-content\/uploads\/2019\/01\/Joana-Cip\u00f3.jpeg\" alt=\"\" width=\"720\" height=\"600\" srcset=\"https:\/\/www.portalalerta.com.br\/wp-content\/uploads\/2019\/01\/Joana-Cip\u00f3.jpeg 720w, https:\/\/www.portalalerta.com.br\/wp-content\/uploads\/2019\/01\/Joana-Cip\u00f3-288x240.jpeg 288w, https:\/\/www.portalalerta.com.br\/wp-content\/uploads\/2019\/01\/Joana-Cip\u00f3-175x146.jpeg 175w, https:\/\/www.portalalerta.com.br\/wp-content\/uploads\/2019\/01\/Joana-Cip\u00f3-50x42.jpeg 50w, https:\/\/www.portalalerta.com.br\/wp-content\/uploads\/2019\/01\/Joana-Cip\u00f3-90x75.jpeg 90w\" sizes=\"(max-width: 720px) 100vw, 720px\" \/><figcaption id=\"caption-attachment-13432\" class=\"wp-caption-text\">Campanha em apoio \u00e0 jovem, viralizou em Cip\u00f3 e regi\u00e3o<\/figcaption><\/figure>\n<h2 style=\"text-align: justify;\"><strong>O que se sabe?<\/strong><\/h2>\n<p style=\"text-align: justify;\">O site PORTAL ALERTA entrou em contato com pessoas ligadas \u00e0 Joana, com o objetivo de entender o que de fato aconteceu.<\/p>\n<p style=\"text-align: justify;\"><strong>JOANA \u2013<\/strong> O PORTAL ALERTA, n\u00e3o conseguiu entrar em contato direto com a jovem, que de acordo com informa\u00e7\u00f5es, embora n\u00e3o se lembre de nada do que tenha ocorrido, est\u00e1 muito abalada com toda a situa\u00e7\u00e3o, desligando assim o seu aparelho celular, impossibilitando qualquer tipo de contato.<\/p>\n<p style=\"text-align: justify;\"><strong>FAMILIARES \u2013<\/strong> Os pais da garota j\u00e1 acionaram um advogado para buscar uma explica\u00e7\u00e3o junto \u00e0s autoridades alagoanas, para entender o que de fato aconteceu.<\/p>\n<p style=\"text-align: justify;\"><b>INCONSCI\u00caNCIA<\/b><strong>\u00a0\u2013<\/strong> Segundo informa\u00e7\u00f5es, embora Joana estivesse numa festa (R\u00e9veillon), a mesma n\u00e3o faz uso de bebidas alco\u00f3licas. A inconsci\u00eancia percept\u00edvel num dos v\u00eddeos pode ser fruto do impacto da queda, ou alguma subst\u00e2ncia ingerida pela jovem sem conhecimento pr\u00e9vio.<\/p>\n<p style=\"text-align: justify;\"><strong>FURTO \u2013<\/strong> Embora acusada pelo mototaxista da pr\u00e1tica de furto, ap\u00f3s o acidente Joana foi socorrida para um Hospital local, e ao receber alta hospitalar foi liberada, retornando assim para Cip\u00f3-BA. N\u00e3o existe nenhuma ocorr\u00eancia policial que acuse a jovem do referido crime.<\/p>\n<p style=\"text-align: justify;\"><strong>SUSPEITA \u2013<\/strong> A principal suspeita da fam\u00edlia, \u00e9 que Joana foi v\u00edtima de uma tentativa de algum tipo de viol\u00eancia, e num descuido do suposto agressor (mototaxista), teria fugido a bordo da motocicleta. Vale ressaltar que j\u00e1 est\u00e1 confirmado que a jovem n\u00e3o sofreu estupro, por\u00e9m como foi dito antes, n\u00e3o lembra do ocorrido.<\/p>\n<p style=\"text-align: justify;\"><a href=\"http:\/\/www.facebook.com.br\/pombalalerta\"><strong>Curta nossa p\u00e1gina no facebook, e continue atualizado sobre tudo o que acontece em sua cidade!<\/strong><\/a><\/p>\n<p style=\"text-align: justify;\"><a href=\"https:\/\/play.google.com\/store\/apps\/details?id=com.globalstore.pombalalerta&amp;hl=pt_BR\"><strong>Baixe o nosso aplicativo, e fique de olho na not\u00edcia!<\/strong><\/a><\/p>\n<p style=\"text-align: justify;\"><em>Continuamos \u201cde olho na not\u00edcia\u201d em busca de mais informa\u00e7\u00f5es sobre o caso. <\/em><\/p>\n<p style=\"text-align: justify;\"><em>Reda\u00e7\u00e3o: Portal Alerta<\/em><\/p>\n","protected":false},"excerpt":{"rendered":"<p>No dia 1\u00ba de janeiro de 2019, um acidente teria chamado a aten\u00e7\u00e3o de moradores de Macei\u00f3-AL. Na ocasi\u00e3o uma jovem at\u00e9 ent\u00e3o n\u00e3o identificada teria tentado furtar uma motocicleta de um mototaxista da qual ela era passageira.<\/p>\n","protected":false},"author":2,"featured_media":13433,"comment_status":"open","ping_status":"open","sticky":false,"template":"","format":"standard","meta":{"om_disable_all_campaigns":false,"_monsterinsights_skip_tracking":false,"_monsterinsights_sitenote_active":false,"_monsterinsights_sitenote_note":"","_monsterinsights_sitenote_category":0,"footnotes":""},"categories":[13,70,69,32,22],"tags":[166,454,45,85,694,2032],"class_list":["post-13431","post","type-post","status-publish","format-standard","has-post-thumbnail","hentry","category-cipo","category-destaques","category-noticias2","category-regiao","category-seguranca","tag-acidente","tag-alagoas","tag-cipo","tag-furto","tag-maceio","tag-mototaxi"],"aioseo_notices":[],"_links":{"self":[{"href":"https:\/\/www.portalalerta.com.br\/index.php\/wp-json\/wp\/v2\/posts\/13431","targetHints":{"allow":["GET"]}}],"collection":[{"href":"https:\/\/www.portalalerta.com.br\/index.php\/wp-json\/wp\/v2\/posts"}],"about":[{"href":"https:\/\/www.portalalerta.com.br\/index.php\/wp-json\/wp\/v2\/types\/post"}],"author":[{"embeddable":true,"href":"https:\/\/www.portalalerta.com.br\/index.php\/wp-json\/wp\/v2\/users\/2"}],"replies":[{"embeddable":true,"href":"https:\/\/www.portalalerta.com.br\/index.php\/wp-json\/wp\/v2\/comments?post=13431"}],"version-history":[{"count":0,"href":"https:\/\/www.portalalerta.com.br\/index.php\/wp-json\/wp\/v2\/posts\/13431\/revisions"}],"wp:featuredmedia":[{"embeddable":true,"href":"https:\/\/www.portalalerta.com.br\/index.php\/wp-json\/wp\/v2\/media\/13433"}],"wp:attachment":[{"href":"https:\/\/www.portalalerta.com.br\/index.php\/wp-json\/wp\/v2\/media?parent=13431"}],"wp:term":[{"taxonomy":"category","embeddable":true,"href":"https:\/\/www.portalalerta.com.br\/index.php\/wp-json\/wp\/v2\/categories?post=13431"},{"taxonomy":"post_tag","embeddable":true,"href":"https:\/\/www.portalalerta.com.br\/index.php\/wp-json\/wp\/v2\/tags?post=13431"}],"curies":[{"name":"wp","href":"https:\/\/api.w.org\/{rel}","templated":true}]}}