{"id":13830,"date":"2019-01-24T16:57:36","date_gmt":"2019-01-24T19:57:36","guid":{"rendered":"http:\/\/www.portalalerta.com.br\/?p=13830"},"modified":"2019-01-24T16:57:36","modified_gmt":"2019-01-24T19:57:36","slug":"pm-prende-grupo-suspeito-de-furtar-celulares-durante-festa-em-biritinga-ba","status":"publish","type":"post","link":"https:\/\/www.portalalerta.com.br\/index.php\/2019\/01\/24\/pm-prende-grupo-suspeito-de-furtar-celulares-durante-festa-em-biritinga-ba\/","title":{"rendered":"PM prende grupo suspeito de furtar celulares durante festa em Biritinga-BA"},"content":{"rendered":"<p style=\"text-align: justify;\">Cinco pessoas foram conduzidas \u00e0 Delegacia de Pol\u00edcia Judici\u00e1ria na madrugada desta segunda-feira, 21, ap\u00f3s serem flagradas com 10 celulares furtados durante uma festa realizada na cidade de Biritinga-BA.<!--more--><\/p>\n<p style=\"text-align: justify;\"><img fetchpriority=\"high\" decoding=\"async\" class=\"size-full wp-image-2867 aligncenter\" src=\"http:\/\/www.portalalerta.com.br\/wp-content\/uploads\/2017\/11\/protege-1.jpg\" alt=\"\" width=\"600\" height=\"140\" \/>Segundo informa\u00e7\u00f5es, os suspeitos &#8211; quatro homens e uma mulher &#8211; integram um grupo especializado em cometer furtos em eventos pela regi\u00e3o. Os suspeitos s\u00e3o: Dailton da Concei\u00e7\u00e3o Nascimento, J\u00falio C\u00e9sar de Queir\u00f3z Moreira, F\u00e1bio de Oliveira Concei\u00e7\u00e3o, Gersomar Paix\u00e3o Silva e Ingrid Silva Santos.<\/p>\n<figure id=\"attachment_13831\" aria-describedby=\"caption-attachment-13831\" style=\"width: 450px\" class=\"wp-caption aligncenter\"><img decoding=\"async\" class=\"wp-image-13831 size-full\" src=\"http:\/\/www.portalalerta.com.br\/wp-content\/uploads\/2019\/01\/furtos-de-celulares-em-Biritinga-2019.1.jpg\" alt=\"\" width=\"450\" height=\"250\" srcset=\"https:\/\/www.portalalerta.com.br\/wp-content\/uploads\/2019\/01\/furtos-de-celulares-em-Biritinga-2019.1.jpg 450w, https:\/\/www.portalalerta.com.br\/wp-content\/uploads\/2019\/01\/furtos-de-celulares-em-Biritinga-2019.1-432x240.jpg 432w, https:\/\/www.portalalerta.com.br\/wp-content\/uploads\/2019\/01\/furtos-de-celulares-em-Biritinga-2019.1-260x144.jpg 260w, https:\/\/www.portalalerta.com.br\/wp-content\/uploads\/2019\/01\/furtos-de-celulares-em-Biritinga-2019.1-50x28.jpg 50w, https:\/\/www.portalalerta.com.br\/wp-content\/uploads\/2019\/01\/furtos-de-celulares-em-Biritinga-2019.1-135x75.jpg 135w\" sizes=\"(max-width: 450px) 100vw, 450px\" \/><figcaption id=\"caption-attachment-13831\" class=\"wp-caption-text\">Grupo \u00e9 suspeito de furtar aparelhos celulares<\/figcaption><\/figure>\n<p style=\"text-align: justify;\">O grupo estava a bordo de um Fiat Palio, de cor prata, e foi localizado por uma equipe da CETO (Companhia de Emprego T\u00e1tico Operacional) do 16\u00ba Batalh\u00e3o de Pol\u00edcia Militar (BPM) na BR-116, nas proximidades do posto de combust\u00edveis Alto Sereno, em Serrinha, por volta das 3h. Todos eles foram ouvidos e confessaram os furtos.<\/p>\n<p style=\"text-align: justify;\"><em>Fonte: Cleriston Silva<\/em><\/p>\n","protected":false},"excerpt":{"rendered":"<p>Cinco pessoas foram conduzidas \u00e0 Delegacia de Pol\u00edcia Judici\u00e1ria na madrugada desta segunda-feira, 21, ap\u00f3s serem flagradas com 10 celulares furtados durante uma festa realizada na cidade de Biritinga-BA.<\/p>\n","protected":false},"author":2,"featured_media":13832,"comment_status":"open","ping_status":"open","sticky":false,"template":"","format":"standard","meta":{"om_disable_all_campaigns":false,"_monsterinsights_skip_tracking":false,"_monsterinsights_sitenote_active":false,"_monsterinsights_sitenote_note":"","_monsterinsights_sitenote_category":0,"footnotes":""},"categories":[33,70,69,22],"tags":[794,409,345,79,110],"class_list":["post-13830","post","type-post","status-publish","format-standard","has-post-thumbnail","hentry","category-bahia","category-destaques","category-noticias2","category-seguranca","tag-biritinga","tag-ceto","tag-furto-de-celular","tag-policia-militar","tag-presos"],"aioseo_notices":[],"_links":{"self":[{"href":"https:\/\/www.portalalerta.com.br\/index.php\/wp-json\/wp\/v2\/posts\/13830","targetHints":{"allow":["GET"]}}],"collection":[{"href":"https:\/\/www.portalalerta.com.br\/index.php\/wp-json\/wp\/v2\/posts"}],"about":[{"href":"https:\/\/www.portalalerta.com.br\/index.php\/wp-json\/wp\/v2\/types\/post"}],"author":[{"embeddable":true,"href":"https:\/\/www.portalalerta.com.br\/index.php\/wp-json\/wp\/v2\/users\/2"}],"replies":[{"embeddable":true,"href":"https:\/\/www.portalalerta.com.br\/index.php\/wp-json\/wp\/v2\/comments?post=13830"}],"version-history":[{"count":0,"href":"https:\/\/www.portalalerta.com.br\/index.php\/wp-json\/wp\/v2\/posts\/13830\/revisions"}],"wp:featuredmedia":[{"embeddable":true,"href":"https:\/\/www.portalalerta.com.br\/index.php\/wp-json\/wp\/v2\/media\/13832"}],"wp:attachment":[{"href":"https:\/\/www.portalalerta.com.br\/index.php\/wp-json\/wp\/v2\/media?parent=13830"}],"wp:term":[{"taxonomy":"category","embeddable":true,"href":"https:\/\/www.portalalerta.com.br\/index.php\/wp-json\/wp\/v2\/categories?post=13830"},{"taxonomy":"post_tag","embeddable":true,"href":"https:\/\/www.portalalerta.com.br\/index.php\/wp-json\/wp\/v2\/tags?post=13830"}],"curies":[{"name":"wp","href":"https:\/\/api.w.org\/{rel}","templated":true}]}}