{"id":13835,"date":"2019-01-24T16:58:25","date_gmt":"2019-01-24T19:58:25","guid":{"rendered":"http:\/\/www.portalalerta.com.br\/?p=13835"},"modified":"2019-01-24T16:58:25","modified_gmt":"2019-01-24T19:58:25","slug":"tucano-ba-registra-o-terceiro-homicidio-do-ano","status":"publish","type":"post","link":"https:\/\/www.portalalerta.com.br\/index.php\/2019\/01\/24\/tucano-ba-registra-o-terceiro-homicidio-do-ano\/","title":{"rendered":"Tucano-BA registra o terceiro homic\u00eddio do ano"},"content":{"rendered":"<p style=\"text-align: justify;\">Na manh\u00e3 desta quinta-feira (24), um homic\u00eddio foi registrado no povoado de Arapu\u00e1, zona rural de Tucano-BA, divisa com o munic\u00edpio de Araci.<!--more--><\/p>\n<p style=\"text-align: justify;\"><img fetchpriority=\"high\" decoding=\"async\" class=\"size-thumbnail wp-image-13429 alignleft\" src=\"http:\/\/www.portalalerta.com.br\/wp-content\/uploads\/2019\/01\/Real-Volta-as-aulas-240x240.jpeg\" alt=\"\" width=\"240\" height=\"240\" \/>Segundo informa\u00e7\u00f5es preliminares de populares, a v\u00edtima foi identificada pelo prenome Iranildo, foi assassinada com diversos tiros. Assim que foram informados do crime, policiais militares se dirigiram para o local.<\/p>\n<p style=\"text-align: justify;\">O Departamento de Pol\u00edcia T\u00e9cnica (DPT) de Euclides da Cunha-BA tamb\u00e9m foi acionado. A motiva\u00e7\u00e3o e autoria do crime ainda s\u00e3o desconhecidas.<\/p>\n<p style=\"text-align: justify;\">Este j\u00e1 o terceiro homic\u00eddio registrado no munic\u00edpio apenas em 2019, j\u00e1 que um idoso de 82 anos, teve o seu \u00f3bito confirmado na madrugada da \u00faltima segunda-feira, 21, no Hospital Geral do Estado, onde estava internado. Jorge Lu\u00eds de Fran\u00e7a (Gang\u00e1), foi hospitalizado em estado grave, ap\u00f3s ser atingido por um disparo de arma de fogo (aparentemente cal. 12), e dois golpes de fac\u00e3o, fato ocorrido na noite de s\u00e1bado, 19, quando este teve a sua resid\u00eancia invadida no bairro Vila Progresso, periferia da cidade.<\/p>\n<figure id=\"attachment_13836\" aria-describedby=\"caption-attachment-13836\" style=\"width: 500px\" class=\"wp-caption aligncenter\"><img decoding=\"async\" class=\"wp-image-13836 size-full\" src=\"http:\/\/www.portalalerta.com.br\/wp-content\/uploads\/2019\/01\/homic\u00eddio-em-Tucano-2019.2.jpg\" alt=\"\" width=\"500\" height=\"300\" srcset=\"https:\/\/www.portalalerta.com.br\/wp-content\/uploads\/2019\/01\/homic\u00eddio-em-Tucano-2019.2.jpg 500w, https:\/\/www.portalalerta.com.br\/wp-content\/uploads\/2019\/01\/homic\u00eddio-em-Tucano-2019.2-400x240.jpg 400w, https:\/\/www.portalalerta.com.br\/wp-content\/uploads\/2019\/01\/homic\u00eddio-em-Tucano-2019.2-243x146.jpg 243w, https:\/\/www.portalalerta.com.br\/wp-content\/uploads\/2019\/01\/homic\u00eddio-em-Tucano-2019.2-50x30.jpg 50w, https:\/\/www.portalalerta.com.br\/wp-content\/uploads\/2019\/01\/homic\u00eddio-em-Tucano-2019.2-125x75.jpg 125w, https:\/\/www.portalalerta.com.br\/wp-content\/uploads\/2019\/01\/homic\u00eddio-em-Tucano-2019.2-250x150.jpg 250w\" sizes=\"(max-width: 500px) 100vw, 500px\" \/><figcaption id=\"caption-attachment-13836\" class=\"wp-caption-text\">Iranildo (Esquerda), e Jorge Lu\u00eds (direita)<\/figcaption><\/figure>\n<p style=\"text-align: justify;\">No dia do crime, a resid\u00eancia do idoso estava revirada, o que inclui nas investiga\u00e7\u00f5es a possibilidade de latroc\u00ednio, por\u00e9m o caso ainda est\u00e1 sob investiga\u00e7\u00e3o.<\/p>\n<p style=\"text-align: justify;\"><em>Fonte: A Voz do Campo <\/em><\/p>\n","protected":false},"excerpt":{"rendered":"<p>Na manh\u00e3 desta quinta-feira (24), um homic\u00eddio foi registrado no povoado de Arapu\u00e1, zona rural de Tucano-BA, divisa com o munic\u00edpio de Araci.<\/p>\n","protected":false},"author":2,"featured_media":8020,"comment_status":"open","ping_status":"open","sticky":false,"template":"","format":"standard","meta":{"om_disable_all_campaigns":false,"_monsterinsights_skip_tracking":false,"_monsterinsights_sitenote_active":false,"_monsterinsights_sitenote_note":"","_monsterinsights_sitenote_category":0,"footnotes":""},"categories":[70,69,32,22,12],"tags":[375,2074,229,190],"class_list":["post-13835","post","type-post","status-publish","format-standard","has-post-thumbnail","hentry","category-destaques","category-noticias2","category-regiao","category-seguranca","category-tucano","tag-disparos-de-arma-de-fogo","tag-homicidios","tag-povoado","tag-tucano"],"aioseo_notices":[],"_links":{"self":[{"href":"https:\/\/www.portalalerta.com.br\/index.php\/wp-json\/wp\/v2\/posts\/13835","targetHints":{"allow":["GET"]}}],"collection":[{"href":"https:\/\/www.portalalerta.com.br\/index.php\/wp-json\/wp\/v2\/posts"}],"about":[{"href":"https:\/\/www.portalalerta.com.br\/index.php\/wp-json\/wp\/v2\/types\/post"}],"author":[{"embeddable":true,"href":"https:\/\/www.portalalerta.com.br\/index.php\/wp-json\/wp\/v2\/users\/2"}],"replies":[{"embeddable":true,"href":"https:\/\/www.portalalerta.com.br\/index.php\/wp-json\/wp\/v2\/comments?post=13835"}],"version-history":[{"count":0,"href":"https:\/\/www.portalalerta.com.br\/index.php\/wp-json\/wp\/v2\/posts\/13835\/revisions"}],"wp:featuredmedia":[{"embeddable":true,"href":"https:\/\/www.portalalerta.com.br\/index.php\/wp-json\/wp\/v2\/media\/8020"}],"wp:attachment":[{"href":"https:\/\/www.portalalerta.com.br\/index.php\/wp-json\/wp\/v2\/media?parent=13835"}],"wp:term":[{"taxonomy":"category","embeddable":true,"href":"https:\/\/www.portalalerta.com.br\/index.php\/wp-json\/wp\/v2\/categories?post=13835"},{"taxonomy":"post_tag","embeddable":true,"href":"https:\/\/www.portalalerta.com.br\/index.php\/wp-json\/wp\/v2\/tags?post=13835"}],"curies":[{"name":"wp","href":"https:\/\/api.w.org\/{rel}","templated":true}]}}