{"id":13875,"date":"2019-01-25T14:34:46","date_gmt":"2019-01-25T17:34:46","guid":{"rendered":"http:\/\/www.portalalerta.com.br\/?p=13875"},"modified":"2019-01-25T14:34:46","modified_gmt":"2019-01-25T17:34:46","slug":"neto-diz-que-conversa-com-rui-foi-produtiva-que-se-inaugure-momento-mais-tranquilo","status":"publish","type":"post","link":"https:\/\/www.portalalerta.com.br\/index.php\/2019\/01\/25\/neto-diz-que-conversa-com-rui-foi-produtiva-que-se-inaugure-momento-mais-tranquilo\/","title":{"rendered":"Neto diz que conversa com Rui foi &#8216;produtiva&#8217;: &#8216;Que se inaugure momento mais tranquilo&#8217;"},"content":{"rendered":"<p style=\"text-align: justify;\">O prefeito de Salvador, ACM Neto (DEM), afirmou que foi uma \u201cconversa longa e positiva\u201d com o governador da Bahia, Rui Costa (PT), nesta quinta-feira (24).\u00a0<!--more--><br \/>\n<img fetchpriority=\"high\" decoding=\"async\" class=\"size-full wp-image-2867 aligncenter\" src=\"http:\/\/www.portalalerta.com.br\/wp-content\/uploads\/2017\/11\/protege-1.jpg\" alt=\"\" width=\"600\" height=\"140\" \/>\u201cFoi num tom bastante construtivo. Espero que inaugure um momento mais tranquilo na rela\u00e7\u00e3o entre prefeitura e governo. Tema principal foi mobilidade. Especialmente realizado de um lado as quest\u00f5es do transporte p\u00fablico que envolvem integra\u00e7\u00e3o \u00f4nibus e metr\u00f4, expans\u00e3o da rede de transporte de alta capacidade. VLT, BRT e at\u00e9 da ponte [Salvador-Itaparica] n\u00f3s tratamos\u201d, disse, nesta sexta (25), durante lan\u00e7amento do concurso p\u00fablico.<\/p>\n<p>O gestor soteropolitano disse que a reuni\u00e3o incluiu renova\u00e7\u00e3o da frota de \u00f4nibus, tarifa, aumento da malha e entre outros assuntos.<\/p>\n<p style=\"text-align: justify;\"><em>Fonte: Bahia Not\u00edcias<\/em><\/p>\n","protected":false},"excerpt":{"rendered":"<p>O prefeito de Salvador, ACM Neto (DEM), afirmou que foi uma \u201cconversa longa e positiva\u201d com o governador da Bahia, Rui Costa (PT), nesta quinta-feira (24).\u00a0<\/p>\n","protected":false},"author":2,"featured_media":13846,"comment_status":"open","ping_status":"open","sticky":false,"template":"","format":"standard","meta":{"om_disable_all_campaigns":false,"_monsterinsights_skip_tracking":false,"_monsterinsights_sitenote_active":false,"_monsterinsights_sitenote_note":"","_monsterinsights_sitenote_category":0,"footnotes":""},"categories":[33,70,69,21],"tags":[722,54,283,2125,198,518,282,330],"class_list":["post-13875","post","type-post","status-publish","format-standard","has-post-thumbnail","hentry","category-bahia","category-destaques","category-noticias2","category-politica","tag-acm-neto","tag-bahia","tag-governador","tag-mobilidade-urbana","tag-prefeito","tag-reuniao","tag-rui-costa","tag-salvador"],"aioseo_notices":[],"_links":{"self":[{"href":"https:\/\/www.portalalerta.com.br\/index.php\/wp-json\/wp\/v2\/posts\/13875","targetHints":{"allow":["GET"]}}],"collection":[{"href":"https:\/\/www.portalalerta.com.br\/index.php\/wp-json\/wp\/v2\/posts"}],"about":[{"href":"https:\/\/www.portalalerta.com.br\/index.php\/wp-json\/wp\/v2\/types\/post"}],"author":[{"embeddable":true,"href":"https:\/\/www.portalalerta.com.br\/index.php\/wp-json\/wp\/v2\/users\/2"}],"replies":[{"embeddable":true,"href":"https:\/\/www.portalalerta.com.br\/index.php\/wp-json\/wp\/v2\/comments?post=13875"}],"version-history":[{"count":0,"href":"https:\/\/www.portalalerta.com.br\/index.php\/wp-json\/wp\/v2\/posts\/13875\/revisions"}],"wp:featuredmedia":[{"embeddable":true,"href":"https:\/\/www.portalalerta.com.br\/index.php\/wp-json\/wp\/v2\/media\/13846"}],"wp:attachment":[{"href":"https:\/\/www.portalalerta.com.br\/index.php\/wp-json\/wp\/v2\/media?parent=13875"}],"wp:term":[{"taxonomy":"category","embeddable":true,"href":"https:\/\/www.portalalerta.com.br\/index.php\/wp-json\/wp\/v2\/categories?post=13875"},{"taxonomy":"post_tag","embeddable":true,"href":"https:\/\/www.portalalerta.com.br\/index.php\/wp-json\/wp\/v2\/tags?post=13875"}],"curies":[{"name":"wp","href":"https:\/\/api.w.org\/{rel}","templated":true}]}}