{"id":13967,"date":"2019-01-28T15:24:36","date_gmt":"2019-01-28T18:24:36","guid":{"rendered":"http:\/\/www.portalalerta.com.br\/?p=13967"},"modified":"2019-01-28T15:24:36","modified_gmt":"2019-01-28T18:24:36","slug":"policia-registra-dois-homicidios-em-menos-de-12-horas-em-araci-ba","status":"publish","type":"post","link":"https:\/\/www.portalalerta.com.br\/index.php\/2019\/01\/28\/policia-registra-dois-homicidios-em-menos-de-12-horas-em-araci-ba\/","title":{"rendered":"Pol\u00edcia registra dois homic\u00eddios em menos de 12 horas em Araci-BA"},"content":{"rendered":"<p style=\"text-align: justify;\">A Pol\u00edcia Civil (PC) registrou dois homic\u00eddios num intervalo de menos de 12 horas no munic\u00edpio de Araci-BA, na regi\u00e3o do Sisal. O primeiro caso aconteceu por volta das 19h de s\u00e1bado, 26, na localidade conhecida como Po\u00e7o do Capim, na regi\u00e3o de Po\u00e7o Grande. \u00a0Ademario Souza de Carvalho, de 40 anos, pilotava uma motocicleta quando foi atingido por um disparo de arma de fogo.<!--more--><\/p>\n<p style=\"text-align: justify;\">Ap\u00f3s ser atingido, a v\u00edtima ainda conseguiu pilotar a moto por mais alguns metros e depois caiu. Depois da queda, o autor dos disparos, que era o garupa de outra moto, parou ao lado do corpo da v\u00edtima e atirou mais tr\u00eas vezes.<\/p>\n<p style=\"text-align: justify;\"><img fetchpriority=\"high\" decoding=\"async\" class=\"size-thumbnail wp-image-13429 alignleft\" src=\"http:\/\/www.portalalerta.com.br\/wp-content\/uploads\/2019\/01\/Real-Volta-as-aulas-240x240.jpeg\" alt=\"\" width=\"240\" height=\"240\" \/>De acordo com informa\u00e7\u00f5es, a suspeita \u00e9 de que os criminosos tenham perseguido o motociclista por cerca de 300 metros at\u00e9 cometerem o crime. Ainda n\u00e3o h\u00e1 informa\u00e7\u00f5es sobre autoria e motiva\u00e7\u00e3o do assassinato, que ser\u00e3o investigadas pela Delegacia de Pol\u00edcia Civil local.<\/p>\n<p style=\"text-align: justify;\">O segundo crime ocorreu na manh\u00e3 deste domingo, 27, no bairro Bombinha. Um jovem, de 20 anos, foi morto possivelmente com golpes de fac\u00e3o. O caso est\u00e1 sendo apurado em inqu\u00e9rito instaurado pela Pol\u00edcia Civil.<\/p>\n<p style=\"text-align: justify;\">O corpo de Jos\u00e9 Alo\u00edsio de Carvalho foi achado dentro da casa onde ele morava com o pai, por volta das 3h30, com cortes na regi\u00e3o do pesco\u00e7o.<\/p>\n<p style=\"text-align: justify;\">De acordo com informa\u00e7\u00f5es, o pai da v\u00edtima relatou aos policiais que o filho estava acompanhado da namorada, que ainda n\u00e3o foi encontrada. O homem ainda revelou que horas antes do crime tr\u00eas homens suspeitos foram avistados num carro, \u00e0 procura de Jos\u00e9 Alo\u00edsio.<\/p>\n<figure id=\"attachment_13968\" aria-describedby=\"caption-attachment-13968\" style=\"width: 400px\" class=\"wp-caption aligncenter\"><img decoding=\"async\" class=\"wp-image-13968 size-full\" src=\"http:\/\/www.portalalerta.com.br\/wp-content\/uploads\/2019\/01\/homic\u00eddio-em-Araci-2019.1.jpg\" alt=\"\" width=\"400\" height=\"300\" srcset=\"https:\/\/www.portalalerta.com.br\/wp-content\/uploads\/2019\/01\/homic\u00eddio-em-Araci-2019.1.jpg 400w, https:\/\/www.portalalerta.com.br\/wp-content\/uploads\/2019\/01\/homic\u00eddio-em-Araci-2019.1-320x240.jpg 320w, https:\/\/www.portalalerta.com.br\/wp-content\/uploads\/2019\/01\/homic\u00eddio-em-Araci-2019.1-195x146.jpg 195w, https:\/\/www.portalalerta.com.br\/wp-content\/uploads\/2019\/01\/homic\u00eddio-em-Araci-2019.1-50x38.jpg 50w, https:\/\/www.portalalerta.com.br\/wp-content\/uploads\/2019\/01\/homic\u00eddio-em-Araci-2019.1-100x75.jpg 100w\" sizes=\"(max-width: 400px) 100vw, 400px\" \/><figcaption id=\"caption-attachment-13968\" class=\"wp-caption-text\">Jos\u00e9 Alo\u00edsio foi assassinado \u00e0 golpes de fac\u00e3o<\/figcaption><\/figure>\n<p style=\"text-align: justify;\"><em>Fonte: Gazeta do Mel<\/em><\/p>\n<p style=\"text-align: justify;\"><em>Com informa\u00e7\u00f5es: Cleriston Silva<\/em><\/p>\n","protected":false},"excerpt":{"rendered":"<p>A Pol\u00edcia Civil (PC) registrou dois homic\u00eddios num intervalo de menos de 12 horas no munic\u00edpio de Araci-BA, na regi\u00e3o do Sisal. O primeiro caso aconteceu por volta das 19h de s\u00e1bado, 26, na localidade conhecida como Po\u00e7o do Capim, na regi\u00e3o de Po\u00e7o Grande. \u00a0Ademario Souza de Carvalho, de 40 anos, pilotava uma motocicleta &hellip;<\/p>\n","protected":false},"author":2,"featured_media":8020,"comment_status":"open","ping_status":"open","sticky":false,"template":"","format":"standard","meta":{"om_disable_all_campaigns":false,"_monsterinsights_skip_tracking":false,"_monsterinsights_sitenote_active":false,"_monsterinsights_sitenote_note":"","_monsterinsights_sitenote_category":0,"footnotes":""},"categories":[41,70,69,32,22],"tags":[48,375,1014,2074],"class_list":["post-13967","post","type-post","status-publish","format-standard","has-post-thumbnail","hentry","category-araci","category-destaques","category-noticias2","category-regiao","category-seguranca","tag-araci","tag-disparos-de-arma-de-fogo","tag-facao","tag-homicidios"],"aioseo_notices":[],"_links":{"self":[{"href":"https:\/\/www.portalalerta.com.br\/index.php\/wp-json\/wp\/v2\/posts\/13967","targetHints":{"allow":["GET"]}}],"collection":[{"href":"https:\/\/www.portalalerta.com.br\/index.php\/wp-json\/wp\/v2\/posts"}],"about":[{"href":"https:\/\/www.portalalerta.com.br\/index.php\/wp-json\/wp\/v2\/types\/post"}],"author":[{"embeddable":true,"href":"https:\/\/www.portalalerta.com.br\/index.php\/wp-json\/wp\/v2\/users\/2"}],"replies":[{"embeddable":true,"href":"https:\/\/www.portalalerta.com.br\/index.php\/wp-json\/wp\/v2\/comments?post=13967"}],"version-history":[{"count":0,"href":"https:\/\/www.portalalerta.com.br\/index.php\/wp-json\/wp\/v2\/posts\/13967\/revisions"}],"wp:featuredmedia":[{"embeddable":true,"href":"https:\/\/www.portalalerta.com.br\/index.php\/wp-json\/wp\/v2\/media\/8020"}],"wp:attachment":[{"href":"https:\/\/www.portalalerta.com.br\/index.php\/wp-json\/wp\/v2\/media?parent=13967"}],"wp:term":[{"taxonomy":"category","embeddable":true,"href":"https:\/\/www.portalalerta.com.br\/index.php\/wp-json\/wp\/v2\/categories?post=13967"},{"taxonomy":"post_tag","embeddable":true,"href":"https:\/\/www.portalalerta.com.br\/index.php\/wp-json\/wp\/v2\/tags?post=13967"}],"curies":[{"name":"wp","href":"https:\/\/api.w.org\/{rel}","templated":true}]}}