{"id":14172,"date":"2019-02-03T20:50:31","date_gmt":"2019-02-03T23:50:31","guid":{"rendered":"http:\/\/www.portalalerta.com.br\/?p=14172"},"modified":"2019-02-03T20:50:31","modified_gmt":"2019-02-03T23:50:31","slug":"bebe-de-seis-meses-e-encontrado-morto-em-lixao-de-santo-estevao-ba","status":"publish","type":"post","link":"https:\/\/www.portalalerta.com.br\/index.php\/2019\/02\/03\/bebe-de-seis-meses-e-encontrado-morto-em-lixao-de-santo-estevao-ba\/","title":{"rendered":"Beb\u00ea de seis meses \u00e9 encontrado morto em lix\u00e3o de Santo Estev\u00e3o-BA"},"content":{"rendered":"<p style=\"text-align: justify;\">Um beb\u00ea, de aproximadamente seis meses, foi encontrado morto na manh\u00e3 desta quinta-feira, 31, num lix\u00e3o, pr\u00f3ximo \u00e0 Fazenda Teixeira, no munic\u00edpio de Santo Estev\u00e3o-BA.<!--more--><\/p>\n<p style=\"text-align: justify;\"><img fetchpriority=\"high\" decoding=\"async\" class=\"size-full wp-image-2902 alignleft\" src=\"http:\/\/www.portalalerta.com.br\/wp-content\/uploads\/2017\/11\/elab-2.jpg\" alt=\"\" width=\"310\" height=\"200\" srcset=\"https:\/\/www.portalalerta.com.br\/wp-content\/uploads\/2017\/11\/elab-2.jpg 310w, https:\/\/www.portalalerta.com.br\/wp-content\/uploads\/2017\/11\/elab-2-226x146.jpg 226w, https:\/\/www.portalalerta.com.br\/wp-content\/uploads\/2017\/11\/elab-2-50x32.jpg 50w, https:\/\/www.portalalerta.com.br\/wp-content\/uploads\/2017\/11\/elab-2-116x75.jpg 116w\" sizes=\"(max-width: 310px) 100vw, 310px\" \/>O corpo foi encontrado por um agente de limpeza, no momento em que separava o lixo. De acordo com o portal Acorda Cidade, o beb\u00ea estava enrolado em dois peda\u00e7os de tecidos dentro de uma caixa.<\/p>\n<p style=\"text-align: justify;\">O corpo foi encaminhado para o Departamento de Pol\u00edcia T\u00e9cnica de Feira de Santana (DPT). A pol\u00edcia est\u00e1 em busca da m\u00e3e da crian\u00e7a.<\/p>\n<p style=\"text-align: justify;\"><em>Fonte: A Voz do Campo <\/em><\/p>\n","protected":false},"excerpt":{"rendered":"<p>Um beb\u00ea, de aproximadamente seis meses, foi encontrado morto na manh\u00e3 desta quinta-feira, 31, num lix\u00e3o, pr\u00f3ximo \u00e0 Fazenda Teixeira, no munic\u00edpio de Santo Estev\u00e3o-BA.<\/p>\n","protected":false},"author":2,"featured_media":14173,"comment_status":"open","ping_status":"open","sticky":false,"template":"","format":"standard","meta":{"om_disable_all_campaigns":false,"_monsterinsights_skip_tracking":false,"_monsterinsights_sitenote_active":false,"_monsterinsights_sitenote_note":"","_monsterinsights_sitenote_category":0,"footnotes":""},"categories":[33,70,69,22],"tags":[54,1621,2180,334,1285],"class_list":["post-14172","post","type-post","status-publish","format-standard","has-post-thumbnail","hentry","category-bahia","category-destaques","category-noticias2","category-seguranca","tag-bahia","tag-bebe","tag-lixao","tag-morto","tag-santo-estevao"],"aioseo_notices":[],"_links":{"self":[{"href":"https:\/\/www.portalalerta.com.br\/index.php\/wp-json\/wp\/v2\/posts\/14172","targetHints":{"allow":["GET"]}}],"collection":[{"href":"https:\/\/www.portalalerta.com.br\/index.php\/wp-json\/wp\/v2\/posts"}],"about":[{"href":"https:\/\/www.portalalerta.com.br\/index.php\/wp-json\/wp\/v2\/types\/post"}],"author":[{"embeddable":true,"href":"https:\/\/www.portalalerta.com.br\/index.php\/wp-json\/wp\/v2\/users\/2"}],"replies":[{"embeddable":true,"href":"https:\/\/www.portalalerta.com.br\/index.php\/wp-json\/wp\/v2\/comments?post=14172"}],"version-history":[{"count":0,"href":"https:\/\/www.portalalerta.com.br\/index.php\/wp-json\/wp\/v2\/posts\/14172\/revisions"}],"wp:featuredmedia":[{"embeddable":true,"href":"https:\/\/www.portalalerta.com.br\/index.php\/wp-json\/wp\/v2\/media\/14173"}],"wp:attachment":[{"href":"https:\/\/www.portalalerta.com.br\/index.php\/wp-json\/wp\/v2\/media?parent=14172"}],"wp:term":[{"taxonomy":"category","embeddable":true,"href":"https:\/\/www.portalalerta.com.br\/index.php\/wp-json\/wp\/v2\/categories?post=14172"},{"taxonomy":"post_tag","embeddable":true,"href":"https:\/\/www.portalalerta.com.br\/index.php\/wp-json\/wp\/v2\/tags?post=14172"}],"curies":[{"name":"wp","href":"https:\/\/api.w.org\/{rel}","templated":true}]}}