{"id":14175,"date":"2019-02-03T20:51:15","date_gmt":"2019-02-03T23:51:15","guid":{"rendered":"http:\/\/www.portalalerta.com.br\/?p=14175"},"modified":"2019-02-03T20:51:15","modified_gmt":"2019-02-03T23:51:15","slug":"chines-apontado-como-dono-dos-jumentos-maltratados-depoe-em-euclides-da-cunha-animais-continuam-morrendo","status":"publish","type":"post","link":"https:\/\/www.portalalerta.com.br\/index.php\/2019\/02\/03\/chines-apontado-como-dono-dos-jumentos-maltratados-depoe-em-euclides-da-cunha-animais-continuam-morrendo\/","title":{"rendered":"Chin\u00eas apontado como dono dos jumentos maltratados dep\u00f5e em Euclides da Cunha; animais continuam morrendo"},"content":{"rendered":"<p style=\"text-align: justify;\">Na \u00faltima\u00a0sexta-feira (1), foi confirmada a morte de mais jumentos e um chin\u00eas, apontado como dono dos animais, foi ouvido pela pol\u00edcia. Ele compareceu \u00e0 delegacia acompanhado de seu advogado. Uma equipe da ADAB &#8211; Ag\u00eancia Estadual de Defesa Agropecu\u00e1ria da Bahia esteve no Minist\u00e9rio P\u00fablico para detalhar a situa\u00e7\u00e3o e ainda aplicou uma multa de cerca de R$ 40 mil para os propriet\u00e1rios dos animais. Foi solicitado ao poder p\u00fablico um caminh\u00e3o para transporte de capim\/forrageiras doados pela UNEB. At\u00e9 o momento, n\u00e3o houve retorno.<!--more--><\/p>\n<p style=\"text-align: justify;\"><img fetchpriority=\"high\" decoding=\"async\" class=\"size-thumbnail wp-image-4869 aligncenter\" src=\"http:\/\/www.portalalerta.com.br\/wp-content\/uploads\/2018\/02\/Auto-Escola-Nobre-720x181.jpg\" alt=\"\" width=\"720\" height=\"181\" srcset=\"https:\/\/www.portalalerta.com.br\/wp-content\/uploads\/2018\/02\/Auto-Escola-Nobre.jpg 720w, https:\/\/www.portalalerta.com.br\/wp-content\/uploads\/2018\/02\/Auto-Escola-Nobre-260x65.jpg 260w, https:\/\/www.portalalerta.com.br\/wp-content\/uploads\/2018\/02\/Auto-Escola-Nobre-50x13.jpg 50w, https:\/\/www.portalalerta.com.br\/wp-content\/uploads\/2018\/02\/Auto-Escola-Nobre-150x38.jpg 150w\" sizes=\"(max-width: 720px) 100vw, 720px\" \/>A den\u00fancia de maus-tratos a cerca de mil jumentos chegou \u00e0s autoridades ap\u00f3s o dono da fazenda, que arrendou parte do terreno, verificar a situa\u00e7\u00e3o dos animais: muitos j\u00e1 mortos e jogados em valas como se fossem lixo. A suspeita \u00e9 que os jumentos perten\u00e7am a uma empresa chinesa respons\u00e1vel pelos maus-tratos e abate dos animais, denunciados no ano passado em Itapetinga.<\/p>\n<p style=\"text-align: justify;\">Um dos maiores problemas agora \u00e9 como redistribuir tantos animais. H\u00e1 muitos jegues, inclusive rec\u00e9m-nascidos, lutando para sobreviver. De acordo com a opini\u00e3o de t\u00e9cnicos, ser\u00e1 necess\u00e1rio o apoio do Minist\u00e9rio da Agricultura, Pecu\u00e1ria e Abastecimento (Mapa) para uma grande articula\u00e7\u00e3o com os estados nordestinos, afim de que cada um, dentro de sua capacidade, adote esses animais.<\/p>\n<p style=\"text-align: justify;\"><em>Fonte: Gazeta do Mel<\/em><\/p>\n<p style=\"text-align: justify;\"><em>Com informa\u00e7\u00f5es: Boc\u00e3o News<\/em><\/p>\n","protected":false},"excerpt":{"rendered":"<p>Na \u00faltima\u00a0sexta-feira (1), foi confirmada a morte de mais jumentos e um chin\u00eas, apontado como dono dos animais, foi ouvido pela pol\u00edcia. Ele compareceu \u00e0 delegacia acompanhado de seu advogado. Uma equipe da ADAB &#8211; Ag\u00eancia Estadual de Defesa Agropecu\u00e1ria da Bahia esteve no Minist\u00e9rio P\u00fablico para detalhar a situa\u00e7\u00e3o e ainda aplicou uma multa &hellip;<\/p>\n","protected":false},"author":2,"featured_media":14105,"comment_status":"open","ping_status":"open","sticky":false,"template":"","format":"standard","meta":{"om_disable_all_campaigns":false,"_monsterinsights_skip_tracking":false,"_monsterinsights_sitenote_active":false,"_monsterinsights_sitenote_note":"","_monsterinsights_sitenote_category":0,"footnotes":""},"categories":[70,17,69,32,22],"tags":[507,129,1573,2159,608,122],"class_list":["post-14175","post","type-post","status-publish","format-standard","has-post-thumbnail","hentry","category-destaques","category-euclides-da-cunha","category-noticias2","category-regiao","category-seguranca","tag-adab","tag-euclides-da-cunha","tag-jumentos","tag-maus-tratos","tag-mortos","tag-policia-civil"],"aioseo_notices":[],"_links":{"self":[{"href":"https:\/\/www.portalalerta.com.br\/index.php\/wp-json\/wp\/v2\/posts\/14175","targetHints":{"allow":["GET"]}}],"collection":[{"href":"https:\/\/www.portalalerta.com.br\/index.php\/wp-json\/wp\/v2\/posts"}],"about":[{"href":"https:\/\/www.portalalerta.com.br\/index.php\/wp-json\/wp\/v2\/types\/post"}],"author":[{"embeddable":true,"href":"https:\/\/www.portalalerta.com.br\/index.php\/wp-json\/wp\/v2\/users\/2"}],"replies":[{"embeddable":true,"href":"https:\/\/www.portalalerta.com.br\/index.php\/wp-json\/wp\/v2\/comments?post=14175"}],"version-history":[{"count":0,"href":"https:\/\/www.portalalerta.com.br\/index.php\/wp-json\/wp\/v2\/posts\/14175\/revisions"}],"wp:featuredmedia":[{"embeddable":true,"href":"https:\/\/www.portalalerta.com.br\/index.php\/wp-json\/wp\/v2\/media\/14105"}],"wp:attachment":[{"href":"https:\/\/www.portalalerta.com.br\/index.php\/wp-json\/wp\/v2\/media?parent=14175"}],"wp:term":[{"taxonomy":"category","embeddable":true,"href":"https:\/\/www.portalalerta.com.br\/index.php\/wp-json\/wp\/v2\/categories?post=14175"},{"taxonomy":"post_tag","embeddable":true,"href":"https:\/\/www.portalalerta.com.br\/index.php\/wp-json\/wp\/v2\/tags?post=14175"}],"curies":[{"name":"wp","href":"https:\/\/api.w.org\/{rel}","templated":true}]}}