{"id":14228,"date":"2019-02-05T16:04:24","date_gmt":"2019-02-05T19:04:24","guid":{"rendered":"http:\/\/www.portalalerta.com.br\/?p=14228"},"modified":"2019-02-05T16:04:24","modified_gmt":"2019-02-05T19:04:24","slug":"proposta-da-previdencia-preve-idade-minima-unica-de-65-anos","status":"publish","type":"post","link":"https:\/\/www.portalalerta.com.br\/index.php\/2019\/02\/05\/proposta-da-previdencia-preve-idade-minima-unica-de-65-anos\/","title":{"rendered":"Proposta da Previd\u00eancia prev\u00ea idade m\u00ednima \u00fanica de 65 anos"},"content":{"rendered":"<p style=\"text-align: justify;\">A\u00a0proposta de reforma da Previd\u00eancia elaborada pela equipe econ\u00f4mica, e que ser\u00e1 apresentada ao presidente Jair Bolsonaro, prev\u00ea idade m\u00ednima de 65 anos para homens e mulheres se aposentarem.<!--more--><\/p>\n<p style=\"text-align: justify;\">O dado consta da minuta preliminar da PEC (Proposta de Emenda \u00e0 Constitui\u00e7\u00e3o). A nova idade valeria depois de um per\u00edodo de transi\u00e7\u00e3o que pode chegar a 19 anos.<\/p>\n<p style=\"text-align: justify;\">O texto da proposta, que j\u00e1 passou pelo crivo da \u00e1rea jur\u00eddica do governo e foi confirmado por tr\u00eas fontes que participam da elabora\u00e7\u00e3o da reforma, \u00e9 robusto e faz uma ampla mudan\u00e7a nas regras atuais, como prometeu o ministro da Economia,\u00a0Paulo Guedes, para garantir uma economia de at\u00e9 R$ 1,3 trilh\u00e3o em 10 anos nas despesas do governo. Mas ainda ter\u00e1 de passar pelo crivo do presidente Bolsonaro.<\/p>\n<p style=\"text-align: justify;\">O secret\u00e1rio especial de Previd\u00eancia Social, Rog\u00e9rio Marinho, confirmou que a minuta \u00e9 realmente do governo, mas afirmou que h\u00e1 outras simula\u00e7\u00f5es sendo feitas pelos t\u00e9cnicos. A reportagem apurou, no entanto, que o texto j\u00e1 foi discutido na \u00faltima sexta-feira pelo governo. &#8220;S\u00e3o v\u00e1rias propostas. A minuta que chegou ao conhecimento da imprensa \u00e9 apenas mais um entre os textos analisados&#8221;, afirmou Marinho em um pronunciamento \u00e0 imprensa.<\/p>\n<p style=\"text-align: justify;\"><img fetchpriority=\"high\" decoding=\"async\" class=\"size-full wp-image-2902 alignleft\" src=\"http:\/\/www.portalalerta.com.br\/wp-content\/uploads\/2017\/11\/elab-2.jpg\" alt=\"\" width=\"310\" height=\"200\" srcset=\"https:\/\/www.portalalerta.com.br\/wp-content\/uploads\/2017\/11\/elab-2.jpg 310w, https:\/\/www.portalalerta.com.br\/wp-content\/uploads\/2017\/11\/elab-2-226x146.jpg 226w, https:\/\/www.portalalerta.com.br\/wp-content\/uploads\/2017\/11\/elab-2-50x32.jpg 50w, https:\/\/www.portalalerta.com.br\/wp-content\/uploads\/2017\/11\/elab-2-116x75.jpg 116w\" sizes=\"(max-width: 310px) 100vw, 310px\" \/>O texto, antecipado no meio da tarde desta segunda-feira (4) foi bem-recebida pelo mercado financeiro, que classificou a proposta de &#8220;hardcore&#8221;. Ou seja, dura e comprometida com o ajuste das contas p\u00fablicas (ler mais nas p\u00e1gs. B3 e B4). &#8220;Tem muito mais a\u00ed do que se esperava inicialmente. Por\u00e9m, a pergunta que se faz \u00e9: a partir dessa minuta, o que vai sobrar?&#8221;, disse o economista-chefe do banco ABC Brasil, Lu\u00eds Ot\u00e1vio de Souza Leal. Na esteira dos detalhes da proposta, a Bolsa bateu novo recorde e alcan\u00e7ou 98.588 mil pontos.<\/p>\n<p style=\"text-align: justify;\">A proposta de igualar a idade m\u00ednima de homens e mulheres para a aposentadoria \u00e9 um dos temas mais pol\u00eamicos da reforma e j\u00e1 provocou nesta segunda-feira mesmo rea\u00e7\u00e3o de integrantes do governo e parlamentares que v\u00e3o votar o projeto. Depois da divulga\u00e7\u00e3o do conte\u00fado da proposta, o vice-presidente da Rep\u00fablica, Hamilton Mour\u00e3o, se adiantou e disse que o presidente Jair Bolsonaro \u00e9 contra a ideia de igualar a idade m\u00ednima para a aposentadoria. &#8220;Os n\u00fameros est\u00e3o inflados. O presidente n\u00e3o \u00e9 favor\u00e1vel a igualar a idade m\u00ednima entre homens e mulheres. Concordo com ele&#8221;, disse o vice-presidente.<\/p>\n<p style=\"text-align: justify;\">Parlamentares ouvidos pela reportagem acreditam que o governo quer ter margem de negocia\u00e7\u00e3o com o Congresso e, por isso, estabeleceu um limite alto de idade. A ministra da Agricultura, Tereza Cristina, disse ver com preocupa\u00e7\u00e3o a quest\u00e3o, principalmente para as trabalhadoras rurais.<\/p>\n<p style=\"text-align: justify;\"><strong>Gatilho<\/strong><\/p>\n<p style=\"text-align: justify;\">A proposta de reforma da Previd\u00eancia prev\u00ea tamb\u00e9m um mecanismo de ajuste na idade m\u00ednima conforme a eleva\u00e7\u00e3o da expectativa de vida dos brasileiros. A ideia \u00e9 que o ajuste seja feito a cada quatro anos, conforme aumente a expectativa de sobrevida da popula\u00e7\u00e3o brasileira aos 65 anos.<\/p>\n<p style=\"text-align: justify;\">Para evitar rea\u00e7\u00f5es contr\u00e1rias antes de o novo texto ser apresentada na C\u00e2mara, o governo havia tra\u00e7ado uma estrat\u00e9gia de comunica\u00e7\u00e3o de conten\u00e7\u00e3o de vazamentos. A divulga\u00e7\u00e3o do texto acabou provocando nesta segunda-feira mal-estar na equipe e preocupa\u00e7\u00e3o de a proposta ser bombardeada antes da hora.<\/p>\n<p style=\"text-align: justify;\"><em>Fonte: R7<\/em><\/p>\n","protected":false},"excerpt":{"rendered":"<p>A\u00a0proposta de reforma da Previd\u00eancia elaborada pela equipe econ\u00f4mica, e que ser\u00e1 apresentada ao presidente Jair Bolsonaro, prev\u00ea idade m\u00ednima de 65 anos para homens e mulheres se aposentarem.<\/p>\n","protected":false},"author":2,"featured_media":4451,"comment_status":"open","ping_status":"open","sticky":false,"template":"","format":"standard","meta":{"om_disable_all_campaigns":false,"_monsterinsights_skip_tracking":false,"_monsterinsights_sitenote_active":false,"_monsterinsights_sitenote_note":"","_monsterinsights_sitenote_category":0,"footnotes":""},"categories":[34,70,69,21],"tags":[93,1395,188],"class_list":["post-14228","post","type-post","status-publish","format-standard","has-post-thumbnail","hentry","category-brasil","category-destaques","category-noticias2","category-politica","tag-brasil","tag-jair-bolsonaro","tag-reforma-da-previdencia"],"aioseo_notices":[],"_links":{"self":[{"href":"https:\/\/www.portalalerta.com.br\/index.php\/wp-json\/wp\/v2\/posts\/14228","targetHints":{"allow":["GET"]}}],"collection":[{"href":"https:\/\/www.portalalerta.com.br\/index.php\/wp-json\/wp\/v2\/posts"}],"about":[{"href":"https:\/\/www.portalalerta.com.br\/index.php\/wp-json\/wp\/v2\/types\/post"}],"author":[{"embeddable":true,"href":"https:\/\/www.portalalerta.com.br\/index.php\/wp-json\/wp\/v2\/users\/2"}],"replies":[{"embeddable":true,"href":"https:\/\/www.portalalerta.com.br\/index.php\/wp-json\/wp\/v2\/comments?post=14228"}],"version-history":[{"count":0,"href":"https:\/\/www.portalalerta.com.br\/index.php\/wp-json\/wp\/v2\/posts\/14228\/revisions"}],"wp:featuredmedia":[{"embeddable":true,"href":"https:\/\/www.portalalerta.com.br\/index.php\/wp-json\/wp\/v2\/media\/4451"}],"wp:attachment":[{"href":"https:\/\/www.portalalerta.com.br\/index.php\/wp-json\/wp\/v2\/media?parent=14228"}],"wp:term":[{"taxonomy":"category","embeddable":true,"href":"https:\/\/www.portalalerta.com.br\/index.php\/wp-json\/wp\/v2\/categories?post=14228"},{"taxonomy":"post_tag","embeddable":true,"href":"https:\/\/www.portalalerta.com.br\/index.php\/wp-json\/wp\/v2\/tags?post=14228"}],"curies":[{"name":"wp","href":"https:\/\/api.w.org\/{rel}","templated":true}]}}