{"id":14230,"date":"2019-02-05T16:05:13","date_gmt":"2019-02-05T19:05:13","guid":{"rendered":"http:\/\/www.portalalerta.com.br\/?p=14230"},"modified":"2019-02-05T16:05:13","modified_gmt":"2019-02-05T19:05:13","slug":"laudo-aponta-problemas-no-sistema-de-drenagem-na-barragem-da-vale-em-brumadinho","status":"publish","type":"post","link":"https:\/\/www.portalalerta.com.br\/index.php\/2019\/02\/05\/laudo-aponta-problemas-no-sistema-de-drenagem-na-barragem-da-vale-em-brumadinho\/","title":{"rendered":"Laudo aponta problemas no sistema de drenagem na barragem da Vale em Brumadinho"},"content":{"rendered":"<p style=\"text-align: justify;\">Documento aponta que barragem era segura, mas recomendou melhorias. Mineradora afirma ter acatado as sugest\u00f5es. Trag\u00e9dia deixou 134 mortos, e 199 est\u00e3o desaparecidos.<!--more--><\/p>\n<p style=\"text-align: justify;\">Um laudo de vistoria feito em 2018 sobre a barragem I da Mina do C\u00f3rrego do Feij\u00e3o, da Vale, em Brumadinho, detectou problemas no sistema de drenagem da estrutura.<\/p>\n<p style=\"text-align: justify;\">A barragem, que estava sem receber rejeitos desde 2015, rompeu em 25 de janeiro despejando um tsunami de \u00e1gua, terra e rejeitos sobre funcion\u00e1rios da Vale e moradores da regi\u00e3o. At\u00e9 segunda-feira (4),\u00a0134 mortes haviam sido confirmadas e 199 pessoas seguiam desaparecidas.<\/p>\n<p style=\"text-align: justify;\"><img fetchpriority=\"high\" decoding=\"async\" class=\"size-thumbnail wp-image-4869 aligncenter\" src=\"http:\/\/www.portalalerta.com.br\/wp-content\/uploads\/2018\/02\/Auto-Escola-Nobre-720x181.jpg\" alt=\"\" width=\"720\" height=\"181\" srcset=\"https:\/\/www.portalalerta.com.br\/wp-content\/uploads\/2018\/02\/Auto-Escola-Nobre.jpg 720w, https:\/\/www.portalalerta.com.br\/wp-content\/uploads\/2018\/02\/Auto-Escola-Nobre-260x65.jpg 260w, https:\/\/www.portalalerta.com.br\/wp-content\/uploads\/2018\/02\/Auto-Escola-Nobre-50x13.jpg 50w, https:\/\/www.portalalerta.com.br\/wp-content\/uploads\/2018\/02\/Auto-Escola-Nobre-150x38.jpg 150w\" sizes=\"(max-width: 720px) 100vw, 720px\" \/>O laudo foi feito pela empresa alem\u00e3 T\u00fcv S\u00fcd, a pedido da Vale, e conclui pela estabilidade da estrutura. Mas registra que, em determinada \u00e1rea da barragem que estava parcialmente saturada de \u00e1gua, havia um dreno seco. Outros continham trincas de onde vertia \u00e1gua.<\/p>\n<figure id=\"attachment_14231\" aria-describedby=\"caption-attachment-14231\" style=\"width: 550px\" class=\"wp-caption aligncenter\"><img decoding=\"async\" class=\"wp-image-14231 size-full\" src=\"http:\/\/www.portalalerta.com.br\/wp-content\/uploads\/2019\/02\/laudo-Vale-2019.1.jpg\" alt=\"\" width=\"550\" height=\"370\" srcset=\"https:\/\/www.portalalerta.com.br\/wp-content\/uploads\/2019\/02\/laudo-Vale-2019.1.jpg 550w, https:\/\/www.portalalerta.com.br\/wp-content\/uploads\/2019\/02\/laudo-Vale-2019.1-357x240.jpg 357w, https:\/\/www.portalalerta.com.br\/wp-content\/uploads\/2019\/02\/laudo-Vale-2019.1-217x146.jpg 217w, https:\/\/www.portalalerta.com.br\/wp-content\/uploads\/2019\/02\/laudo-Vale-2019.1-50x34.jpg 50w, https:\/\/www.portalalerta.com.br\/wp-content\/uploads\/2019\/02\/laudo-Vale-2019.1-111x75.jpg 111w\" sizes=\"(max-width: 550px) 100vw, 550px\" \/><figcaption id=\"caption-attachment-14231\" class=\"wp-caption-text\">Laudo de 2018 aponta canos de drenagem entupidos pela vegeta\u00e7\u00e3o \u2014 Foto: Reprodu\u00e7\u00e3o\/T\u00fcv S\u00fcd<\/figcaption><\/figure>\n<p>&nbsp;<\/p>\n<figure id=\"attachment_14232\" aria-describedby=\"caption-attachment-14232\" style=\"width: 550px\" class=\"wp-caption aligncenter\"><img decoding=\"async\" class=\"wp-image-14232 size-full\" src=\"http:\/\/www.portalalerta.com.br\/wp-content\/uploads\/2019\/02\/laudo-Vale-2019.2.jpg\" alt=\"\" width=\"550\" height=\"550\" srcset=\"https:\/\/www.portalalerta.com.br\/wp-content\/uploads\/2019\/02\/laudo-Vale-2019.2.jpg 550w, https:\/\/www.portalalerta.com.br\/wp-content\/uploads\/2019\/02\/laudo-Vale-2019.2-240x240.jpg 240w, https:\/\/www.portalalerta.com.br\/wp-content\/uploads\/2019\/02\/laudo-Vale-2019.2-146x146.jpg 146w, https:\/\/www.portalalerta.com.br\/wp-content\/uploads\/2019\/02\/laudo-Vale-2019.2-50x50.jpg 50w, https:\/\/www.portalalerta.com.br\/wp-content\/uploads\/2019\/02\/laudo-Vale-2019.2-75x75.jpg 75w, https:\/\/www.portalalerta.com.br\/wp-content\/uploads\/2019\/02\/laudo-Vale-2019.2-85x85.jpg 85w, https:\/\/www.portalalerta.com.br\/wp-content\/uploads\/2019\/02\/laudo-Vale-2019.2-80x80.jpg 80w\" sizes=\"(max-width: 550px) 100vw, 550px\" \/><figcaption id=\"caption-attachment-14232\" class=\"wp-caption-text\">Imagens mostram trecho trincado em canaleta na barragem de Brumadinho \u2014 Foto: Reprodu\u00e7\u00e3o\/T\u00fcv S\u00fcd<\/figcaption><\/figure>\n<p style=\"text-align: justify;\">Al\u00e9m disso, o documento recomendou a instala\u00e7\u00e3o de novos piez\u00f4metros, equipamentos que medem a press\u00e3o e o n\u00edvel da \u00e1gua no solo, e de um mecanismo de registro sismol\u00f3gico no entorno da barragem.<\/p>\n<p style=\"text-align: justify;\">Por fim, o estudo recomenda que, para aumentar a seguran\u00e7a da barragem e evitar a liquefa\u00e7\u00e3o \u2013\u00a0uma das poss\u00edveis causas da trag\u00e9dia\u2013, a Vale deveria tomar atitudes que diminu\u00edssem a probabilidade de gatilhos, como proibir detona\u00e7\u00f5es nas redondezas, evitar o tr\u00e1fego de equipamentos pesados, e impedir a eleva\u00e7\u00e3o do n\u00edvel da \u00e1gua na estrutura.<\/p>\n<p style=\"text-align: justify;\">A Vale afirmou que todas as recomenda\u00e7\u00f5es foram atendidas ainda no ano de 2018. \u201cCabe refor\u00e7ar que se tratavam de recomenda\u00e7\u00f5es rotineiras em laudos deste g\u00eanero\u201d. A mineradora n\u00e3o diz na nota se comprovou \u00e0 Justi\u00e7a que as recomenda\u00e7\u00f5es foram cumpridas.<\/p>\n<p style=\"text-align: justify;\">A nota diz ainda que a barragem era monitorada por 94 piez\u00f4metros, equipamentos especiais, e 41 indicadores de n\u00edvel da \u00e1gua. As informa\u00e7\u00f5es dos instrumentos eram coletadas periodicamente e todos os dados analisados pelos geot\u00e9cnicos respons\u00e1veis pela barragem.<\/p>\n<p style=\"text-align: justify;\"><strong>Para professor, ac\u00famulo de \u00e1gua pode ter levado \u00e0 ruptura<\/strong><\/p>\n<p style=\"text-align: justify;\">Os engenheiros da T\u00fcv S\u00fcd elaboraram dois relat\u00f3rios sobre as condi\u00e7\u00f5es de seguran\u00e7a da barragem de Brumadinho.<\/p>\n<p style=\"text-align: justify;\">O primeiro, de agosto de 2017, conclui que \u201co desempenho da barragem se encontrava adequado, atendendo \u00e0s exig\u00eancias das normas brasileiras de seguran\u00e7a para barragens\u201d. O segundo, de julho de 2018, reafirma a conclus\u00e3o.<\/p>\n<p style=\"text-align: justify;\">O<strong>\u00a0Jornal da Globo<\/strong>\u00a0mostrou os dois relat\u00f3rios para o professor Edilson Pizzato, do Instituto de Geoci\u00eancia da USP. Para ele, os crit\u00e9rios t\u00e9cnicos usados na avalia\u00e7\u00e3o de risco da barragem de Brumadinho estavam corretos.<\/p>\n<p style=\"text-align: justify;\">\u201cA metodologia utilizada \u00e9 conhecida, utilizada no mundo inteiro. As an\u00e1lises indicam, pela pr\u00f3pria conclus\u00e3o deles, que a barragem tinha condi\u00e7\u00e3o de seguran\u00e7a&#8221;, diz Pizzato.<\/p>\n<p style=\"text-align: justify;\">Mas algumas fotos chamaram a aten\u00e7\u00e3o. Elas mostram problemas no sistema de drenagem interna da barragem. S\u00e3o tubos danificados, entupidos pela vegeta\u00e7\u00e3o, e a forma\u00e7\u00e3o de coloide, uma esp\u00e9cie de entupimento provocado pelo ac\u00famulo de min\u00e9rio.<\/p>\n<figure id=\"attachment_14233\" aria-describedby=\"caption-attachment-14233\" style=\"width: 550px\" class=\"wp-caption aligncenter\"><img loading=\"lazy\" decoding=\"async\" class=\"wp-image-14233 size-full\" src=\"http:\/\/www.portalalerta.com.br\/wp-content\/uploads\/2019\/02\/laudo-Vale-2019.3.jpg\" alt=\"\" width=\"550\" height=\"500\" srcset=\"https:\/\/www.portalalerta.com.br\/wp-content\/uploads\/2019\/02\/laudo-Vale-2019.3.jpg 550w, https:\/\/www.portalalerta.com.br\/wp-content\/uploads\/2019\/02\/laudo-Vale-2019.3-264x240.jpg 264w, https:\/\/www.portalalerta.com.br\/wp-content\/uploads\/2019\/02\/laudo-Vale-2019.3-161x146.jpg 161w, https:\/\/www.portalalerta.com.br\/wp-content\/uploads\/2019\/02\/laudo-Vale-2019.3-50x45.jpg 50w, https:\/\/www.portalalerta.com.br\/wp-content\/uploads\/2019\/02\/laudo-Vale-2019.3-83x75.jpg 83w\" sizes=\"(max-width: 550px) 100vw, 550px\" \/><figcaption id=\"caption-attachment-14233\" class=\"wp-caption-text\">Imagem mostra presen\u00e7a de coloide em dreno \u2014 Foto: Reprodu\u00e7\u00e3o\/Laudo T\u00fcv S\u00fcd<\/figcaption><\/figure>\n<p style=\"text-align: justify;\">\u201cNo pr\u00f3prio relat\u00f3rio foram indicados alguns problemas em rela\u00e7\u00e3o \u00e0 drenagem interna. S\u00e3o drenos horizontais profundos. S\u00e3o drenos que v\u00e3o tirar a \u00e1gua de dentro do maci\u00e7o. E \u00e9 aquela \u00e1gua que satura o material, a \u00e1gua que \u00e9 interna. E \u00e9 justamente um dos fatores que pode levar \u00e0 liquefa\u00e7\u00e3o do material. O material est\u00e1 saturado. Ent\u00e3o, se nesse tempo de tr\u00eas meses, praticamente entre o relat\u00f3rio at\u00e9 o rompimento, ocorreu problema na drenagem e acumulou \u00e1gua dentro do maci\u00e7o, isso poderia ter levado a ruptura. Por que? O estado de satura\u00e7\u00e3o estaria diferente do que ele apontou no relat\u00f3rio\u201d, diz o professor.<\/p>\n<figure id=\"attachment_14234\" aria-describedby=\"caption-attachment-14234\" style=\"width: 550px\" class=\"wp-caption aligncenter\"><img loading=\"lazy\" decoding=\"async\" class=\"wp-image-14234 size-full\" src=\"http:\/\/www.portalalerta.com.br\/wp-content\/uploads\/2019\/02\/laudo-Vale-2019.4.jpg\" alt=\"\" width=\"550\" height=\"550\" srcset=\"https:\/\/www.portalalerta.com.br\/wp-content\/uploads\/2019\/02\/laudo-Vale-2019.4.jpg 550w, https:\/\/www.portalalerta.com.br\/wp-content\/uploads\/2019\/02\/laudo-Vale-2019.4-240x240.jpg 240w, https:\/\/www.portalalerta.com.br\/wp-content\/uploads\/2019\/02\/laudo-Vale-2019.4-146x146.jpg 146w, https:\/\/www.portalalerta.com.br\/wp-content\/uploads\/2019\/02\/laudo-Vale-2019.4-50x50.jpg 50w, https:\/\/www.portalalerta.com.br\/wp-content\/uploads\/2019\/02\/laudo-Vale-2019.4-75x75.jpg 75w, https:\/\/www.portalalerta.com.br\/wp-content\/uploads\/2019\/02\/laudo-Vale-2019.4-85x85.jpg 85w, https:\/\/www.portalalerta.com.br\/wp-content\/uploads\/2019\/02\/laudo-Vale-2019.4-80x80.jpg 80w\" sizes=\"(max-width: 550px) 100vw, 550px\" \/><figcaption id=\"caption-attachment-14234\" class=\"wp-caption-text\">Canaletas trincadas na barragem de Brumadinho \u2014 Foto: Reprodu\u00e7\u00e3o\/T\u00fcv S\u00fcd<\/figcaption><\/figure>\n<p style=\"text-align: justify;\">Os laudos s\u00e3o assinados por profissionais da Vale e T\u00fcv S\u00fcd. Entre os respons\u00e1veis por parte da companhia alem\u00e3 est\u00e3o os engenheiros Makoto Namba e Andr\u00e9 Yassuda. Eles foram presos na semana passada, suspeitos de crimes ambientais, falsidade ideol\u00f3gica e homic\u00eddio.<\/p>\n<p style=\"text-align: justify;\">O advogado dos dois engenheiros anexou os relat\u00f3rios no pedido de liberdade feito \u00e0 Justi\u00e7a mineira, para tentar mostrar que Namba e Yassuda cumpriram com suas responsabilidades profissionais e apontaram a situa\u00e7\u00e3o da barragem. O\u00a0Tribunal de Justi\u00e7a de Minas (TJ-MG) negou o pedido liminar de habeas corpus. A\u00a0defesa recorreu ao Superior Tribunal de Justi\u00e7a\u00a0(STJ).<\/p>\n<p style=\"text-align: justify;\"><em>Fonte: G1<\/em><\/p>\n","protected":false},"excerpt":{"rendered":"<p>Documento aponta que barragem era segura, mas recomendou melhorias. Mineradora afirma ter acatado as sugest\u00f5es. Trag\u00e9dia deixou 134 mortos, e 199 est\u00e3o desaparecidos.<\/p>\n","protected":false},"author":2,"featured_media":14235,"comment_status":"open","ping_status":"open","sticky":false,"template":"","format":"standard","meta":{"om_disable_all_campaigns":false,"_monsterinsights_skip_tracking":false,"_monsterinsights_sitenote_active":false,"_monsterinsights_sitenote_note":"","_monsterinsights_sitenote_category":0,"footnotes":""},"categories":[34,70,69],"tags":[166,93,2127,626,2190,357,169,2128],"class_list":["post-14230","post","type-post","status-publish","format-standard","has-post-thumbnail","hentry","category-brasil","category-destaques","category-noticias2","tag-acidente","tag-brasil","tag-brumadinho","tag-desaparecidos","tag-laudos","tag-minas-gerais","tag-morte","tag-vale"],"aioseo_notices":[],"_links":{"self":[{"href":"https:\/\/www.portalalerta.com.br\/index.php\/wp-json\/wp\/v2\/posts\/14230","targetHints":{"allow":["GET"]}}],"collection":[{"href":"https:\/\/www.portalalerta.com.br\/index.php\/wp-json\/wp\/v2\/posts"}],"about":[{"href":"https:\/\/www.portalalerta.com.br\/index.php\/wp-json\/wp\/v2\/types\/post"}],"author":[{"embeddable":true,"href":"https:\/\/www.portalalerta.com.br\/index.php\/wp-json\/wp\/v2\/users\/2"}],"replies":[{"embeddable":true,"href":"https:\/\/www.portalalerta.com.br\/index.php\/wp-json\/wp\/v2\/comments?post=14230"}],"version-history":[{"count":0,"href":"https:\/\/www.portalalerta.com.br\/index.php\/wp-json\/wp\/v2\/posts\/14230\/revisions"}],"wp:featuredmedia":[{"embeddable":true,"href":"https:\/\/www.portalalerta.com.br\/index.php\/wp-json\/wp\/v2\/media\/14235"}],"wp:attachment":[{"href":"https:\/\/www.portalalerta.com.br\/index.php\/wp-json\/wp\/v2\/media?parent=14230"}],"wp:term":[{"taxonomy":"category","embeddable":true,"href":"https:\/\/www.portalalerta.com.br\/index.php\/wp-json\/wp\/v2\/categories?post=14230"},{"taxonomy":"post_tag","embeddable":true,"href":"https:\/\/www.portalalerta.com.br\/index.php\/wp-json\/wp\/v2\/tags?post=14230"}],"curies":[{"name":"wp","href":"https:\/\/api.w.org\/{rel}","templated":true}]}}