{"id":14237,"date":"2019-02-05T16:05:57","date_gmt":"2019-02-05T19:05:57","guid":{"rendered":"http:\/\/www.portalalerta.com.br\/?p=14237"},"modified":"2019-02-05T16:05:57","modified_gmt":"2019-02-05T19:05:57","slug":"sitio-do-quinto-ba-policia-prende-em-flagrante-homem-que-assassinou-a-tiro-agente-comunitaria-de-saude","status":"publish","type":"post","link":"https:\/\/www.portalalerta.com.br\/index.php\/2019\/02\/05\/sitio-do-quinto-ba-policia-prende-em-flagrante-homem-que-assassinou-a-tiro-agente-comunitaria-de-saude\/","title":{"rendered":"S\u00edtio do Quinto-BA: Pol\u00edcia prende em flagrante homem que assassinou a tiro Agente comunit\u00e1ria de sa\u00fade"},"content":{"rendered":"<p style=\"text-align: justify;\">Uma agente comunit\u00e1ria de sa\u00fade, foi assassinada com um disparo de arma de fogo, na noite desta segunda-feira (04), no centro S\u00edtio do Quinto\/BA.\u00a0<!--more--><\/p>\n<p style=\"text-align: justify;\">Silvania Bento de Andrade, de 41 anos, residente na Rua Vasco da Gama, foi abordada pelo namorado\u00a0Gim\u00e1rio de Jesus Menezes, 37 anos,\u00a0que efetuou um disparo de arma de fogo na regi\u00e3o abdominal\u00a0da v\u00edtima. No momento da\u00a0discuss\u00e3o\u00a0alguns populares que presenciaram o crime prestaram socorro \u00e0 servidora municipal.<\/p>\n<p style=\"text-align: justify;\"><img fetchpriority=\"high\" decoding=\"async\" class=\"size-full wp-image-2867 aligncenter\" src=\"http:\/\/www.portalalerta.com.br\/wp-content\/uploads\/2017\/11\/protege-1.jpg\" alt=\"\" width=\"600\" height=\"140\" \/>Ainda com vida, a Agente de Sa\u00fade foi socorrida para o Hospital local, de onde foi transferida para o Hospital Geral Santa Tereza em Ribeira do Pombal\/BA, onde evoluiu a \u00f3bito antes mesmo do atendimento m\u00e9dico.\u00a0A fam\u00edlia da v\u00edtima n\u00e3o quis falar sobre o crime.<\/p>\n<p style=\"text-align: justify;\">De posse de uma poss\u00edvel localiza\u00e7\u00e3o do criminoso, policiais militares se dirigiram \u00a0at\u00e9 o Povoado Tingui, mais precisamente para a fazenda \u201cBarriguda\u201d, onde perceberam a presen\u00e7a da motocicleta utilizada para fuga ap\u00f3s o homic\u00eddio. Foi realizado o cerco e consequentemente a pris\u00e3o do acusado.<\/p>\n<p style=\"text-align: justify;\">Gim\u00e1rio de Jesus Menezes, um rev\u00f3lver marca Taurus oxidado, utilizado no crime, e a motocicleta, foram apresentados na delegacia de Pol\u00edcia Civil local para a ado\u00e7\u00e3o das medidas cab\u00edveis. A pris\u00e3o ocorreu cerca de duas horas ap\u00f3s o feminic\u00eddio.<\/p>\n<figure id=\"attachment_14238\" aria-describedby=\"caption-attachment-14238\" style=\"width: 350px\" class=\"wp-caption aligncenter\"><img decoding=\"async\" class=\"wp-image-14238 size-full\" src=\"http:\/\/www.portalalerta.com.br\/wp-content\/uploads\/2019\/02\/Gim\u00e1rio-de-Jesus-Menezes.jpg\" alt=\"\" width=\"350\" height=\"300\" srcset=\"https:\/\/www.portalalerta.com.br\/wp-content\/uploads\/2019\/02\/Gim\u00e1rio-de-Jesus-Menezes.jpg 350w, https:\/\/www.portalalerta.com.br\/wp-content\/uploads\/2019\/02\/Gim\u00e1rio-de-Jesus-Menezes-280x240.jpg 280w, https:\/\/www.portalalerta.com.br\/wp-content\/uploads\/2019\/02\/Gim\u00e1rio-de-Jesus-Menezes-170x146.jpg 170w, https:\/\/www.portalalerta.com.br\/wp-content\/uploads\/2019\/02\/Gim\u00e1rio-de-Jesus-Menezes-50x43.jpg 50w, https:\/\/www.portalalerta.com.br\/wp-content\/uploads\/2019\/02\/Gim\u00e1rio-de-Jesus-Menezes-88x75.jpg 88w\" sizes=\"(max-width: 350px) 100vw, 350px\" \/><figcaption id=\"caption-attachment-14238\" class=\"wp-caption-text\">Gim\u00e1rio \u00e9 acusado de ter assassinado agente de sa\u00fade<\/figcaption><\/figure>\n<p style=\"text-align: justify;\">As motiva\u00e7\u00f5es do assassinato ainda s\u00e3o desconhecidas pela pol\u00edcia, mas de acordo com informa\u00e7\u00f5es preliminares, recentemente Silv\u00e2nia teria discutido com autor por n\u00e3o aceitar o fim do relacionamento.<\/p>\n<p style=\"text-align: justify;\">Este \u00e9 o terceiro caso de\u00a0feminic\u00eddio\u00a0praticado em menos de 4 anos,\u00a0no pequeno munic\u00edpio de S\u00edtio do Quinto.\u00a0A pena de reclus\u00e3o para quem pratica o crime de feminic\u00eddio pode variar de 12 a 30 anos, sem considerar condi\u00e7\u00f5es agravantes. O feminic\u00eddio entrou para o C\u00f3digo Penal como uma qualificadora do crime de homic\u00eddio, no rol dos crimes hediondos. Isso ocorreu a partir da Lei 13.104\/2015, derivada de projeto da Comiss\u00e3o Mista da Viol\u00eancia contra a Mulher.<\/p>\n<p style=\"text-align: justify;\">O caso da morte da Agente de Sa\u00fade ser\u00e1 investigado pela Delegacia de Pol\u00edcia Civil da cidade, conforme assegurou a autoridade policial.<\/p>\n<p style=\"text-align: justify;\">A prefeitura Municipal decretou luto oficial neste dia (05). Silvania trabalhava como agente de sa\u00fade desde Abril de 2008.<\/p>\n<p style=\"text-align: justify;\"><em>Fonte: Carlino Souza<\/em><\/p>\n","protected":false},"excerpt":{"rendered":"<p>Uma agente comunit\u00e1ria de sa\u00fade, foi assassinada com um disparo de arma de fogo, na noite desta segunda-feira (04), no centro S\u00edtio do Quinto\/BA.\u00a0<\/p>\n","protected":false},"author":2,"featured_media":14239,"comment_status":"open","ping_status":"open","sticky":false,"template":"","format":"standard","meta":{"om_disable_all_campaigns":false,"_monsterinsights_skip_tracking":false,"_monsterinsights_sitenote_active":false,"_monsterinsights_sitenote_note":"","_monsterinsights_sitenote_category":0,"footnotes":""},"categories":[70,69,32,22,7],"tags":[222,258,206,77,111],"class_list":["post-14237","post","type-post","status-publish","format-standard","has-post-thumbnail","hentry","category-destaques","category-noticias2","category-regiao","category-seguranca","category-sitio-do-quinto","tag-feminicidio","tag-homicida","tag-homicidio","tag-preso","tag-sitio-do-quinto"],"aioseo_notices":[],"_links":{"self":[{"href":"https:\/\/www.portalalerta.com.br\/index.php\/wp-json\/wp\/v2\/posts\/14237","targetHints":{"allow":["GET"]}}],"collection":[{"href":"https:\/\/www.portalalerta.com.br\/index.php\/wp-json\/wp\/v2\/posts"}],"about":[{"href":"https:\/\/www.portalalerta.com.br\/index.php\/wp-json\/wp\/v2\/types\/post"}],"author":[{"embeddable":true,"href":"https:\/\/www.portalalerta.com.br\/index.php\/wp-json\/wp\/v2\/users\/2"}],"replies":[{"embeddable":true,"href":"https:\/\/www.portalalerta.com.br\/index.php\/wp-json\/wp\/v2\/comments?post=14237"}],"version-history":[{"count":0,"href":"https:\/\/www.portalalerta.com.br\/index.php\/wp-json\/wp\/v2\/posts\/14237\/revisions"}],"wp:featuredmedia":[{"embeddable":true,"href":"https:\/\/www.portalalerta.com.br\/index.php\/wp-json\/wp\/v2\/media\/14239"}],"wp:attachment":[{"href":"https:\/\/www.portalalerta.com.br\/index.php\/wp-json\/wp\/v2\/media?parent=14237"}],"wp:term":[{"taxonomy":"category","embeddable":true,"href":"https:\/\/www.portalalerta.com.br\/index.php\/wp-json\/wp\/v2\/categories?post=14237"},{"taxonomy":"post_tag","embeddable":true,"href":"https:\/\/www.portalalerta.com.br\/index.php\/wp-json\/wp\/v2\/tags?post=14237"}],"curies":[{"name":"wp","href":"https:\/\/api.w.org\/{rel}","templated":true}]}}