{"id":14793,"date":"2019-02-25T05:52:41","date_gmt":"2019-02-25T08:52:41","guid":{"rendered":"http:\/\/www.portalalerta.com.br\/?p=14793"},"modified":"2019-02-25T05:52:41","modified_gmt":"2019-02-25T08:52:41","slug":"jovem-e-assassinado-a-tiros-em-cicero-dantas-ba","status":"publish","type":"post","link":"https:\/\/www.portalalerta.com.br\/index.php\/2019\/02\/25\/jovem-e-assassinado-a-tiros-em-cicero-dantas-ba\/","title":{"rendered":"Jovem \u00e9 assassinado \u00e0 tiros em C\u00edcero Dantas-BA"},"content":{"rendered":"<p style=\"text-align: justify;\">Por volta das 19:30hs do \u00faltimo domingo, 24, mais um jovem foi v\u00edtima de homic\u00eddio em C\u00edcero Dantas-BA. Desta vez o crime aconteceu na BR 110, nas proximidades de uma localidade conhecida como Alto da Formiga.<!--more--><\/p>\n<p style=\"text-align: justify;\"><img fetchpriority=\"high\" decoding=\"async\" class=\"size-thumbnail wp-image-13429 alignleft\" src=\"http:\/\/www.portalalerta.com.br\/wp-content\/uploads\/2019\/01\/Real-Volta-as-aulas-240x240.jpeg\" alt=\"\" width=\"240\" height=\"240\" \/>De acordo com informa\u00e7\u00f5es preliminares, Ricardo Menezes Santos, 20 anos, teria sa\u00eddo da resid\u00eancia no final da tarde, sendo encontrado j\u00e1 no referido local, com diversas perfura\u00e7\u00f5es, causadas por disparos de arma de fogo. Ainda segundo informa\u00e7\u00f5es, a v\u00edtima teria consigo certa quantia (n\u00e3o revelada) em dinheiro, que n\u00e3o tinha sido levada pelo(s) autor(es).<\/p>\n<p style=\"text-align: justify;\">O caso foi informado ao Departamento de Pol\u00edcia T\u00e9cnica (DPT \u2013 Euclides da Cunha), para a realiza\u00e7\u00e3o de per\u00edcia, bem como a remo\u00e7\u00e3o do corpo para ser autopsiado. N\u00e3o foi informado se j\u00e1 existe pistas a respeito da motiva\u00e7\u00e3o e autoria do crime.<\/p>\n<p style=\"text-align: justify;\">Com este, sobe para tr\u00eas o n\u00famero de homic\u00eddios registrados no munic\u00edpio apenas em 2019.<\/p>\n<figure id=\"attachment_14794\" aria-describedby=\"caption-attachment-14794\" style=\"width: 300px\" class=\"wp-caption aligncenter\"><img decoding=\"async\" class=\"wp-image-14794\" src=\"http:\/\/www.portalalerta.com.br\/wp-content\/uploads\/2019\/02\/homic\u00eddio-em-C\u00edcero-Dantas-2019-157x240.jpeg\" alt=\"\" width=\"300\" height=\"458\" srcset=\"https:\/\/www.portalalerta.com.br\/wp-content\/uploads\/2019\/02\/homic\u00eddio-em-C\u00edcero-Dantas-2019-157x240.jpeg 157w, https:\/\/www.portalalerta.com.br\/wp-content\/uploads\/2019\/02\/homic\u00eddio-em-C\u00edcero-Dantas-2019-670x1024.jpeg 670w, https:\/\/www.portalalerta.com.br\/wp-content\/uploads\/2019\/02\/homic\u00eddio-em-C\u00edcero-Dantas-2019-96x146.jpeg 96w, https:\/\/www.portalalerta.com.br\/wp-content\/uploads\/2019\/02\/homic\u00eddio-em-C\u00edcero-Dantas-2019-33x50.jpeg 33w, https:\/\/www.portalalerta.com.br\/wp-content\/uploads\/2019\/02\/homic\u00eddio-em-C\u00edcero-Dantas-2019-49x75.jpeg 49w, https:\/\/www.portalalerta.com.br\/wp-content\/uploads\/2019\/02\/homic\u00eddio-em-C\u00edcero-Dantas-2019.jpeg 720w\" sizes=\"(max-width: 300px) 100vw, 300px\" \/><figcaption id=\"caption-attachment-14794\" class=\"wp-caption-text\">Ricardo foi encontrado com diversas perfura\u00e7\u00f5es causadas por arma de fogo<\/figcaption><\/figure>\n<p style=\"text-align: justify;\"><a href=\"http:\/\/www.facebook.com.br\/pombalalerta\"><strong style=\"font-style: inherit;\">Curta nossa p\u00e1gina no facebook, e continue atualizado sobre tudo o que acontece em sua cidade!<\/strong><\/a><\/p>\n<p style=\"text-align: justify;\"><strong style=\"font-style: inherit;\"><a href=\"https:\/\/play.google.com\/store\/apps\/details?id=com.globalstore.pombalalerta&amp;hl=pt_BR\">Baixe o nosso aplicativo, e fique de olho na not\u00edcia!<\/a><\/strong><\/p>\n<p style=\"text-align: justify;\"><em style=\"font-weight: inherit;\">Reda\u00e7\u00e3o: Portal Alerta<\/em><\/p>\n","protected":false},"excerpt":{"rendered":"<p>Por volta das 19:30hs do \u00faltimo domingo, 24, mais um jovem foi v\u00edtima de homic\u00eddio em C\u00edcero Dantas-BA. Desta vez o crime aconteceu na BR 110, nas proximidades de uma localidade conhecida como Alto da Formiga.<\/p>\n","protected":false},"author":2,"featured_media":7993,"comment_status":"open","ping_status":"open","sticky":false,"template":"","format":"standard","meta":{"om_disable_all_campaigns":false,"_monsterinsights_skip_tracking":false,"_monsterinsights_sitenote_active":false,"_monsterinsights_sitenote_note":"","_monsterinsights_sitenote_category":0,"footnotes":""},"categories":[4,70,69,32,22],"tags":[75,128,206],"class_list":["post-14793","post","type-post","status-publish","format-standard","has-post-thumbnail","hentry","category-cicero-dantas","category-destaques","category-noticias2","category-regiao","category-seguranca","tag-cicero-dantas","tag-disparo-de-arma-de-fogo","tag-homicidio"],"aioseo_notices":[],"_links":{"self":[{"href":"https:\/\/www.portalalerta.com.br\/index.php\/wp-json\/wp\/v2\/posts\/14793","targetHints":{"allow":["GET"]}}],"collection":[{"href":"https:\/\/www.portalalerta.com.br\/index.php\/wp-json\/wp\/v2\/posts"}],"about":[{"href":"https:\/\/www.portalalerta.com.br\/index.php\/wp-json\/wp\/v2\/types\/post"}],"author":[{"embeddable":true,"href":"https:\/\/www.portalalerta.com.br\/index.php\/wp-json\/wp\/v2\/users\/2"}],"replies":[{"embeddable":true,"href":"https:\/\/www.portalalerta.com.br\/index.php\/wp-json\/wp\/v2\/comments?post=14793"}],"version-history":[{"count":0,"href":"https:\/\/www.portalalerta.com.br\/index.php\/wp-json\/wp\/v2\/posts\/14793\/revisions"}],"wp:featuredmedia":[{"embeddable":true,"href":"https:\/\/www.portalalerta.com.br\/index.php\/wp-json\/wp\/v2\/media\/7993"}],"wp:attachment":[{"href":"https:\/\/www.portalalerta.com.br\/index.php\/wp-json\/wp\/v2\/media?parent=14793"}],"wp:term":[{"taxonomy":"category","embeddable":true,"href":"https:\/\/www.portalalerta.com.br\/index.php\/wp-json\/wp\/v2\/categories?post=14793"},{"taxonomy":"post_tag","embeddable":true,"href":"https:\/\/www.portalalerta.com.br\/index.php\/wp-json\/wp\/v2\/tags?post=14793"}],"curies":[{"name":"wp","href":"https:\/\/api.w.org\/{rel}","templated":true}]}}