{"id":15364,"date":"2019-03-18T23:04:19","date_gmt":"2019-03-19T02:04:19","guid":{"rendered":"http:\/\/www.portalalerta.com.br\/?p=15364"},"modified":"2019-03-18T23:04:19","modified_gmt":"2019-03-19T02:04:19","slug":"pesquisa-aponta-queda-na-aprovacao-do-governo-bolsonaro","status":"publish","type":"post","link":"https:\/\/www.portalalerta.com.br\/index.php\/2019\/03\/18\/pesquisa-aponta-queda-na-aprovacao-do-governo-bolsonaro\/","title":{"rendered":"Pesquisa aponta queda na aprova\u00e7\u00e3o do governo Bolsonaro"},"content":{"rendered":"<p style=\"text-align: justify;\">A avalia\u00e7\u00e3o positiva do governo do presidente Jair Bolsonaro (PSL) diminuiu de 40% para 37%, segundo dados divulgados pela pesquisa mensal da XP Investimentos, feita em parceria com o Instituto de pesquisas sociais, pol\u00edticas e econ\u00f4micas (Ipespe). O \u00edndice est\u00e1 dentro da margem de erro, que \u00e9 de 3,2%. J\u00e1 o grupo que avalia a gest\u00e3o ruim ou p\u00e9ssima subiu de 17% para 24%.<!--more--><\/p>\n<p style=\"text-align: justify;\">Os n\u00fameros foram divulgados hoje (18) e apontam ainda a queda na expectativa de um mandato com gest\u00e3o positiva: de 60% para 54%. J\u00e1 os que esperam uma administra\u00e7\u00e3o ruim ou p\u00e9ssima subiram de 15% para 20%. A pesquisa ouviu mil entrevistados, de 11 a 13 de mar\u00e7o.<\/p>\n<p style=\"text-align: justify;\"><img fetchpriority=\"high\" decoding=\"async\" class=\"size-thumbnail wp-image-4869 aligncenter\" src=\"http:\/\/www.portalalerta.com.br\/wp-content\/uploads\/2018\/02\/Auto-Escola-Nobre-720x181.jpg\" alt=\"\" width=\"720\" height=\"181\" srcset=\"https:\/\/www.portalalerta.com.br\/wp-content\/uploads\/2018\/02\/Auto-Escola-Nobre.jpg 720w, https:\/\/www.portalalerta.com.br\/wp-content\/uploads\/2018\/02\/Auto-Escola-Nobre-260x65.jpg 260w, https:\/\/www.portalalerta.com.br\/wp-content\/uploads\/2018\/02\/Auto-Escola-Nobre-50x13.jpg 50w, https:\/\/www.portalalerta.com.br\/wp-content\/uploads\/2018\/02\/Auto-Escola-Nobre-150x38.jpg 150w\" sizes=\"(max-width: 720px) 100vw, 720px\" \/>A pesquisa tamb\u00e9m avaliou os efeitos da divulga\u00e7\u00e3o do v\u00eddeo que ganhou o apelido de \u201cgolden shower\u201d nas redes sociais do presidente. As imagens sexuais que Bolsonaro compartilhou no Carnaval chegaram ao conhecimento de 72% dos entrevistados. 59% a julgaram inadequada, ante 27% que a acharam adequada.<\/p>\n<p style=\"text-align: justify;\">Para 64% dos entrevistados. \u00e9 necess\u00e1ria uma mudan\u00e7a no sistema de aposentadorias. O n\u00famero \u00e9 o mesmo da pesquisa do m\u00eas passado. De quatro categorias de propostas de mudan\u00e7as na reforma da Previd\u00eancia \u2014 idade m\u00ednima; servidores p\u00fablicos; policiais, bombeiros e professores; e militares \u2014, a que enfrenta maior resist\u00eancia \u00e9 a fixa\u00e7\u00e3o de idade m\u00ednima: 51% concordam, enquanto 46% discordam do mecanismo.<\/p>\n<p style=\"text-align: justify;\">A dos militares \u00e9 a que tem menor resist\u00eancia. Apenas 29% discordam de mudar as regras para os fardados, ao passo que 55% apoiam.<\/p>\n<p style=\"text-align: justify;\"><em>Fonte: R\u00e1dio Povo <\/em><\/p>\n<p style=\"text-align: justify;\"><em>Com informa\u00e7\u00f5es: Metro1<\/em><\/p>\n","protected":false},"excerpt":{"rendered":"<p>A avalia\u00e7\u00e3o positiva do governo do presidente Jair Bolsonaro (PSL) diminuiu de 40% para 37%, segundo dados divulgados pela pesquisa mensal da XP Investimentos, feita em parceria com o Instituto de pesquisas sociais, pol\u00edticas e econ\u00f4micas (Ipespe). O \u00edndice est\u00e1 dentro da margem de erro, que \u00e9 de 3,2%. J\u00e1 o grupo que avalia a &hellip;<\/p>\n","protected":false},"author":2,"featured_media":12014,"comment_status":"open","ping_status":"open","sticky":false,"template":"","format":"standard","meta":{"om_disable_all_campaigns":false,"_monsterinsights_skip_tracking":false,"_monsterinsights_sitenote_active":false,"_monsterinsights_sitenote_note":"","_monsterinsights_sitenote_category":0,"footnotes":""},"categories":[70,69,21],"tags":[2354,93,1395,335,199],"class_list":["post-15364","post","type-post","status-publish","format-standard","has-post-thumbnail","hentry","category-destaques","category-noticias2","category-politica","tag-aprovacao","tag-brasil","tag-jair-bolsonaro","tag-pesquisa","tag-politica"],"aioseo_notices":[],"_links":{"self":[{"href":"https:\/\/www.portalalerta.com.br\/index.php\/wp-json\/wp\/v2\/posts\/15364","targetHints":{"allow":["GET"]}}],"collection":[{"href":"https:\/\/www.portalalerta.com.br\/index.php\/wp-json\/wp\/v2\/posts"}],"about":[{"href":"https:\/\/www.portalalerta.com.br\/index.php\/wp-json\/wp\/v2\/types\/post"}],"author":[{"embeddable":true,"href":"https:\/\/www.portalalerta.com.br\/index.php\/wp-json\/wp\/v2\/users\/2"}],"replies":[{"embeddable":true,"href":"https:\/\/www.portalalerta.com.br\/index.php\/wp-json\/wp\/v2\/comments?post=15364"}],"version-history":[{"count":0,"href":"https:\/\/www.portalalerta.com.br\/index.php\/wp-json\/wp\/v2\/posts\/15364\/revisions"}],"wp:featuredmedia":[{"embeddable":true,"href":"https:\/\/www.portalalerta.com.br\/index.php\/wp-json\/wp\/v2\/media\/12014"}],"wp:attachment":[{"href":"https:\/\/www.portalalerta.com.br\/index.php\/wp-json\/wp\/v2\/media?parent=15364"}],"wp:term":[{"taxonomy":"category","embeddable":true,"href":"https:\/\/www.portalalerta.com.br\/index.php\/wp-json\/wp\/v2\/categories?post=15364"},{"taxonomy":"post_tag","embeddable":true,"href":"https:\/\/www.portalalerta.com.br\/index.php\/wp-json\/wp\/v2\/tags?post=15364"}],"curies":[{"name":"wp","href":"https:\/\/api.w.org\/{rel}","templated":true}]}}