{"id":15370,"date":"2019-03-18T23:47:54","date_gmt":"2019-03-19T02:47:54","guid":{"rendered":"http:\/\/www.portalalerta.com.br\/?p=15370"},"modified":"2019-03-18T23:47:55","modified_gmt":"2019-03-19T02:47:55","slug":"homem-e-assassinado-a-tiros-em-cicero-dantas-ba","status":"publish","type":"post","link":"https:\/\/www.portalalerta.com.br\/index.php\/2019\/03\/18\/homem-e-assassinado-a-tiros-em-cicero-dantas-ba\/","title":{"rendered":"Homem \u00e9 assassinado \u00e0 tiros em C\u00edcero Dantas-BA"},"content":{"rendered":"<p style=\"text-align: justify;\">No in\u00edcio da noite do \u00faltimo domingo, 17, policiais militares do 3\u00ba Pelot\u00e3o\/ C\u00edcero Dantas-BA foram informados a respeito de um corpo encontrado sem os sinais vitais, num terreno onde fica a torre de uma emissora de r\u00e1dio local.<!--more--><\/p>\n<p style=\"text-align: justify;\">Os militares seguiram para o terreno, onde confirmaram a veracidade da informa\u00e7\u00e3o. A v\u00edtima identificada como Everaldo Vieira dos Santos, 43 anos, foi alvejada por disparos de arma de fogo.<\/p>\n<p style=\"text-align: justify;\"><img fetchpriority=\"high\" decoding=\"async\" class=\"size-thumbnail wp-image-15254 aligncenter\" src=\"http:\/\/www.portalalerta.com.br\/wp-content\/uploads\/2019\/03\/Real-Estilo-e-Voc\u00ea-633x240.jpeg\" alt=\"\" width=\"633\" height=\"240\" srcset=\"https:\/\/www.portalalerta.com.br\/wp-content\/uploads\/2019\/03\/Real-Estilo-e-Voc\u00ea-633x240.jpeg 633w, https:\/\/www.portalalerta.com.br\/wp-content\/uploads\/2019\/03\/Real-Estilo-e-Voc\u00ea-260x99.jpeg 260w, https:\/\/www.portalalerta.com.br\/wp-content\/uploads\/2019\/03\/Real-Estilo-e-Voc\u00ea-50x19.jpeg 50w, https:\/\/www.portalalerta.com.br\/wp-content\/uploads\/2019\/03\/Real-Estilo-e-Voc\u00ea-150x57.jpeg 150w, https:\/\/www.portalalerta.com.br\/wp-content\/uploads\/2019\/03\/Real-Estilo-e-Voc\u00ea.jpeg 720w\" sizes=\"(max-width: 633px) 100vw, 633px\" \/>O caso foi informado ao Departamento de Pol\u00edcia T\u00e9cnica (DPT \u2013 Euclides da Cunha), que seguiu para o local, onde realizaram a per\u00edcia bem como a remo\u00e7\u00e3o do corpo para ser autopsiado.<\/p>\n<p style=\"text-align: justify;\">Este \u00e9 o quarto homic\u00eddio registrado no munic\u00edpio, apenas em 2019. A autoria bem como a motiva\u00e7\u00e3o do crime, j\u00e1 est\u00e3o sendo investigadas pela Pol\u00edcia Civil.<\/p>\n<figure id=\"attachment_15371\" aria-describedby=\"caption-attachment-15371\" style=\"width: 300px\" class=\"wp-caption aligncenter\"><img decoding=\"async\" class=\"wp-image-15371\" src=\"http:\/\/www.portalalerta.com.br\/wp-content\/uploads\/2019\/03\/homic\u00eddio-em-C\u00edcero-Dantas-2019.1-135x240.jpeg\" alt=\"\" width=\"300\" height=\"533\" srcset=\"https:\/\/www.portalalerta.com.br\/wp-content\/uploads\/2019\/03\/homic\u00eddio-em-C\u00edcero-Dantas-2019.1-135x240.jpeg 135w, https:\/\/www.portalalerta.com.br\/wp-content\/uploads\/2019\/03\/homic\u00eddio-em-C\u00edcero-Dantas-2019.1-576x1024.jpeg 576w, https:\/\/www.portalalerta.com.br\/wp-content\/uploads\/2019\/03\/homic\u00eddio-em-C\u00edcero-Dantas-2019.1-82x146.jpeg 82w, https:\/\/www.portalalerta.com.br\/wp-content\/uploads\/2019\/03\/homic\u00eddio-em-C\u00edcero-Dantas-2019.1-28x50.jpeg 28w, https:\/\/www.portalalerta.com.br\/wp-content\/uploads\/2019\/03\/homic\u00eddio-em-C\u00edcero-Dantas-2019.1-42x75.jpeg 42w, https:\/\/www.portalalerta.com.br\/wp-content\/uploads\/2019\/03\/homic\u00eddio-em-C\u00edcero-Dantas-2019.1.jpeg 720w\" sizes=\"(max-width: 300px) 100vw, 300px\" \/><figcaption id=\"caption-attachment-15371\" class=\"wp-caption-text\">Everaldo foi encontrado morto, com marcas de disparos de arma de fogo<\/figcaption><\/figure>\n<p style=\"text-align: justify;\"><a href=\"http:\/\/www.facebook.com.br\/pombalalerta\"><strong style=\"font-style: inherit;\">Curta nossa p\u00e1gina no facebook, e continue atualizado sobre tudo o que acontece em sua cidade!<\/strong><\/a><\/p>\n<p style=\"text-align: justify;\"><strong style=\"font-style: inherit;\"><a href=\"https:\/\/play.google.com\/store\/apps\/details?id=com.globalstore.pombalalerta&amp;hl=pt_BR\">Baixe o nosso aplicativo, e fique de olho na not\u00edcia!<\/a><\/strong><\/p>\n<p style=\"text-align: justify;\"><em style=\"font-weight: inherit;\">Reda\u00e7\u00e3o: Portal Alerta<\/em><\/p>\n","protected":false},"excerpt":{"rendered":"<p>No in\u00edcio da noite do \u00faltimo domingo, 17, policiais militares do 3\u00ba Pelot\u00e3o\/ C\u00edcero Dantas-BA foram informados a respeito de um corpo encontrado sem os sinais vitais, num terreno onde fica a torre de uma emissora de r\u00e1dio local.<\/p>\n","protected":false},"author":2,"featured_media":8020,"comment_status":"open","ping_status":"open","sticky":false,"template":"","format":"standard","meta":{"om_disable_all_campaigns":false,"_monsterinsights_skip_tracking":false,"_monsterinsights_sitenote_active":false,"_monsterinsights_sitenote_note":"","_monsterinsights_sitenote_category":0,"footnotes":""},"categories":[4,70,69,32,22],"tags":[75,375,206],"class_list":["post-15370","post","type-post","status-publish","format-standard","has-post-thumbnail","hentry","category-cicero-dantas","category-destaques","category-noticias2","category-regiao","category-seguranca","tag-cicero-dantas","tag-disparos-de-arma-de-fogo","tag-homicidio"],"aioseo_notices":[],"_links":{"self":[{"href":"https:\/\/www.portalalerta.com.br\/index.php\/wp-json\/wp\/v2\/posts\/15370","targetHints":{"allow":["GET"]}}],"collection":[{"href":"https:\/\/www.portalalerta.com.br\/index.php\/wp-json\/wp\/v2\/posts"}],"about":[{"href":"https:\/\/www.portalalerta.com.br\/index.php\/wp-json\/wp\/v2\/types\/post"}],"author":[{"embeddable":true,"href":"https:\/\/www.portalalerta.com.br\/index.php\/wp-json\/wp\/v2\/users\/2"}],"replies":[{"embeddable":true,"href":"https:\/\/www.portalalerta.com.br\/index.php\/wp-json\/wp\/v2\/comments?post=15370"}],"version-history":[{"count":0,"href":"https:\/\/www.portalalerta.com.br\/index.php\/wp-json\/wp\/v2\/posts\/15370\/revisions"}],"wp:featuredmedia":[{"embeddable":true,"href":"https:\/\/www.portalalerta.com.br\/index.php\/wp-json\/wp\/v2\/media\/8020"}],"wp:attachment":[{"href":"https:\/\/www.portalalerta.com.br\/index.php\/wp-json\/wp\/v2\/media?parent=15370"}],"wp:term":[{"taxonomy":"category","embeddable":true,"href":"https:\/\/www.portalalerta.com.br\/index.php\/wp-json\/wp\/v2\/categories?post=15370"},{"taxonomy":"post_tag","embeddable":true,"href":"https:\/\/www.portalalerta.com.br\/index.php\/wp-json\/wp\/v2\/tags?post=15370"}],"curies":[{"name":"wp","href":"https:\/\/api.w.org\/{rel}","templated":true}]}}