{"id":15528,"date":"2019-03-23T16:20:12","date_gmt":"2019-03-23T19:20:12","guid":{"rendered":"http:\/\/www.portalalerta.com.br\/?p=15528"},"modified":"2019-03-23T16:20:12","modified_gmt":"2019-03-23T19:20:12","slug":"na-presenca-de-lucio-governador-do-df-defende-expulsao-de-geddel-do-mdb","status":"publish","type":"post","link":"https:\/\/www.portalalerta.com.br\/index.php\/2019\/03\/23\/na-presenca-de-lucio-governador-do-df-defende-expulsao-de-geddel-do-mdb\/","title":{"rendered":"Na presen\u00e7a de L\u00facio, governador do DF defende expuls\u00e3o de Geddel do MDB"},"content":{"rendered":"<p style=\"text-align: justify;\">Diante de correligion\u00e1rios da &#8220;velha guarda&#8221;, como Renan Calheiros, Romero Juc\u00e1 e L\u00facio Vieira Lima, o governador do Distrito Federal Ibaneis Rocha fez duras cr\u00edticas \u00e0 condu\u00e7\u00e3o do MDB, durante uma reuni\u00e3o da legenda, realizada na \u00faltima quarta-feira (20) na C\u00e2mara dos Deputados.\u00a0<!--more--><\/p>\n<p style=\"text-align: justify;\">O novato ao defender uma renova\u00e7\u00e3o urgente da sigla como forma de sobreviv\u00eancia e at\u00e9 mesmo amea\u00e7ar sua sa\u00edda da sigla em caso de n\u00e3o modifica\u00e7\u00f5es, causou constrangimento aos caciques do partido ao defender a expuls\u00e3o de correligion\u00e1rios presos.<\/p>\n<p style=\"text-align: justify;\"><img fetchpriority=\"high\" decoding=\"async\" class=\"size-full wp-image-2867 aligncenter\" src=\"http:\/\/www.portalalerta.com.br\/wp-content\/uploads\/2017\/11\/protege-1.jpg\" alt=\"\" width=\"600\" height=\"140\" \/>\u201cN\u00e3o me sinto na condi\u00e7\u00e3o de estar no mesmo partido em que est\u00e1 Eduardo Cunha. N\u00e3o posso estar no mesmo partido de um camarada que foi preso porque tinha mais de R$ 50 milh\u00f5es guardados em malas em um apartamento\u201d, afirmou Ibaneis, em refer\u00eancia a Geddel Vieira Lima, de acordo com informa\u00e7\u00f5es do Correio Braziliense.<\/p>\n<p style=\"text-align: justify;\">O ponto alto do encontro teria sido por a cr\u00edtica ter sido disparada cara a cara com L\u00facio, irm\u00e3o de Geddel. \u201cOu voc\u00eas querem um partido novo, ou voc\u00eas n\u00e3o me querem no partido. Acho que o MDB tem que enfrentar suas feridas, porque sen\u00e3o vamos definhar\u201d, bradou o governador, diante de uma plateia silente.<\/p>\n<p style=\"text-align: justify;\">Por fim, ele n\u00e3o deixou de citar que mesmo com uma bancada de 34 deputados federais, o partido \u201cest\u00e1 se diluindo neste in\u00edcio de governo e n\u00e3o existe do ponto de vista estrutural\u201d, a come\u00e7ar por n\u00e3o possuir nenhum porta-voz.<\/p>\n<p style=\"text-align: justify;\"><em>Fonte: Boc\u00e3o News<\/em><\/p>\n","protected":false},"excerpt":{"rendered":"<p>Diante de correligion\u00e1rios da &#8220;velha guarda&#8221;, como Renan Calheiros, Romero Juc\u00e1 e L\u00facio Vieira Lima, o governador do Distrito Federal Ibaneis Rocha fez duras cr\u00edticas \u00e0 condu\u00e7\u00e3o do MDB, durante uma reuni\u00e3o da legenda, realizada na \u00faltima quarta-feira (20) na C\u00e2mara dos Deputados.\u00a0<\/p>\n","protected":false},"author":2,"featured_media":7345,"comment_status":"open","ping_status":"open","sticky":false,"template":"","format":"standard","meta":{"om_disable_all_campaigns":false,"_monsterinsights_skip_tracking":false,"_monsterinsights_sitenote_active":false,"_monsterinsights_sitenote_note":"","_monsterinsights_sitenote_category":0,"footnotes":""},"categories":[33,34,70,69,21],"tags":[2374,542,642,643],"class_list":["post-15528","post","type-post","status-publish","format-standard","has-post-thumbnail","hentry","category-bahia","category-brasil","category-destaques","category-noticias2","category-politica","tag-expulsao","tag-geddel","tag-lucio-vieira-lima","tag-mdb"],"aioseo_notices":[],"_links":{"self":[{"href":"https:\/\/www.portalalerta.com.br\/index.php\/wp-json\/wp\/v2\/posts\/15528","targetHints":{"allow":["GET"]}}],"collection":[{"href":"https:\/\/www.portalalerta.com.br\/index.php\/wp-json\/wp\/v2\/posts"}],"about":[{"href":"https:\/\/www.portalalerta.com.br\/index.php\/wp-json\/wp\/v2\/types\/post"}],"author":[{"embeddable":true,"href":"https:\/\/www.portalalerta.com.br\/index.php\/wp-json\/wp\/v2\/users\/2"}],"replies":[{"embeddable":true,"href":"https:\/\/www.portalalerta.com.br\/index.php\/wp-json\/wp\/v2\/comments?post=15528"}],"version-history":[{"count":0,"href":"https:\/\/www.portalalerta.com.br\/index.php\/wp-json\/wp\/v2\/posts\/15528\/revisions"}],"wp:featuredmedia":[{"embeddable":true,"href":"https:\/\/www.portalalerta.com.br\/index.php\/wp-json\/wp\/v2\/media\/7345"}],"wp:attachment":[{"href":"https:\/\/www.portalalerta.com.br\/index.php\/wp-json\/wp\/v2\/media?parent=15528"}],"wp:term":[{"taxonomy":"category","embeddable":true,"href":"https:\/\/www.portalalerta.com.br\/index.php\/wp-json\/wp\/v2\/categories?post=15528"},{"taxonomy":"post_tag","embeddable":true,"href":"https:\/\/www.portalalerta.com.br\/index.php\/wp-json\/wp\/v2\/tags?post=15528"}],"curies":[{"name":"wp","href":"https:\/\/api.w.org\/{rel}","templated":true}]}}