{"id":15530,"date":"2019-03-23T16:37:45","date_gmt":"2019-03-23T19:37:45","guid":{"rendered":"http:\/\/www.portalalerta.com.br\/?p=15530"},"modified":"2019-03-23T16:37:45","modified_gmt":"2019-03-23T19:37:45","slug":"homem-e-sequestrado-e-encontrado-morto-na-zona-rural-de-araci-ba","status":"publish","type":"post","link":"https:\/\/www.portalalerta.com.br\/index.php\/2019\/03\/23\/homem-e-sequestrado-e-encontrado-morto-na-zona-rural-de-araci-ba\/","title":{"rendered":"Homem \u00e9 sequestrado e encontrado morto na zona rural de Araci-BA"},"content":{"rendered":"<p style=\"text-align: justify;\">Um homem foi encontrado morto na manh\u00e3 desta sexta-feira (22) na localidade conhecida como Estrada Velha do Tiracolo, em Araci-BA. Segundo informa\u00e7\u00f5es, Jandir Pereira de Jesus, de 35 anos, conhecido como &#8220;Xandy&#8221;, foi sequestrado na tarde desta quinta-feira (21) no Centro da cidade.<!--more--><\/p>\n<p>A fam\u00edlia de Jandir registrou boletim de ocorr\u00eancia alegando que o rapaz foi sequestrado na \u00e1rea comercial e n\u00e3o foi mais visto. Ele dirigia um carro quando foi abordado por quatro criminosos armados e for\u00e7ado a entrar em outro ve\u00edculo.<\/p>\n<p><img fetchpriority=\"high\" decoding=\"async\" class=\"size-thumbnail wp-image-15254 aligncenter\" src=\"http:\/\/www.portalalerta.com.br\/wp-content\/uploads\/2019\/03\/Real-Estilo-e-Voc\u00ea-633x240.jpeg\" alt=\"\" width=\"633\" height=\"240\" srcset=\"https:\/\/www.portalalerta.com.br\/wp-content\/uploads\/2019\/03\/Real-Estilo-e-Voc\u00ea-633x240.jpeg 633w, https:\/\/www.portalalerta.com.br\/wp-content\/uploads\/2019\/03\/Real-Estilo-e-Voc\u00ea-260x99.jpeg 260w, https:\/\/www.portalalerta.com.br\/wp-content\/uploads\/2019\/03\/Real-Estilo-e-Voc\u00ea-50x19.jpeg 50w, https:\/\/www.portalalerta.com.br\/wp-content\/uploads\/2019\/03\/Real-Estilo-e-Voc\u00ea-150x57.jpeg 150w, https:\/\/www.portalalerta.com.br\/wp-content\/uploads\/2019\/03\/Real-Estilo-e-Voc\u00ea.jpeg 720w\" sizes=\"(max-width: 633px) 100vw, 633px\" \/>Familiares e amigos fizeram buscas na zona rural do munic\u00edpio durante toda a madrugada, sem sucesso. J\u00e1 na manh\u00e3 desta sexta-feira, por volta de 6h20, um homem que passava pelo local acabou encontrado o corpo da v\u00edtima. A Pol\u00edcia foi acionada, e familiares foram at\u00e9 o local, onde reconheceram o corpo.\n<\/p>\n<figure id=\"attachment_15531\" aria-describedby=\"caption-attachment-15531\" style=\"width: 250px\" class=\"wp-caption aligncenter\"><img decoding=\"async\" class=\"wp-image-15531 size-full\" src=\"http:\/\/www.portalalerta.com.br\/wp-content\/uploads\/2019\/03\/homic\u00eddio-em-Araci-2019.5.jpg\" alt=\"\" width=\"250\" height=\"300\" srcset=\"https:\/\/www.portalalerta.com.br\/wp-content\/uploads\/2019\/03\/homic\u00eddio-em-Araci-2019.5.jpg 250w, https:\/\/www.portalalerta.com.br\/wp-content\/uploads\/2019\/03\/homic\u00eddio-em-Araci-2019.5-200x240.jpg 200w, https:\/\/www.portalalerta.com.br\/wp-content\/uploads\/2019\/03\/homic\u00eddio-em-Araci-2019.5-122x146.jpg 122w, https:\/\/www.portalalerta.com.br\/wp-content\/uploads\/2019\/03\/homic\u00eddio-em-Araci-2019.5-42x50.jpg 42w, https:\/\/www.portalalerta.com.br\/wp-content\/uploads\/2019\/03\/homic\u00eddio-em-Araci-2019.5-63x75.jpg 63w\" sizes=\"(max-width: 250px) 100vw, 250px\" \/><figcaption id=\"caption-attachment-15531\" class=\"wp-caption-text\">Xandy foi assassinado ap\u00f3s ter sido sequestrado<\/figcaption><\/figure>\n<p style=\"text-align: justify;\">O Corpo da v\u00edtima foi removido para o Departamento de Pol\u00edcia T\u00e9cnica de Serrinha-BA. A motiva\u00e7\u00e3o bem como a autoria est\u00e3o sendo investigadas pela Pol\u00edcia Civil. Ainda segundo informa\u00e7\u00f5es preliminares, Xandy tinha envolvimento com agiotagem.<\/p>\n<p style=\"text-align: justify;\"><em>Fonte: Cleriston Silva <\/em><\/p>\n","protected":false},"excerpt":{"rendered":"<p>Um homem foi encontrado morto na manh\u00e3 desta sexta-feira (22) na localidade conhecida como Estrada Velha do Tiracolo, em Araci-BA. Segundo informa\u00e7\u00f5es, Jandir Pereira de Jesus, de 35 anos, conhecido como &#8220;Xandy&#8221;, foi sequestrado na tarde desta quinta-feira (21) no Centro da cidade.<\/p>\n","protected":false},"author":2,"featured_media":13354,"comment_status":"open","ping_status":"open","sticky":false,"template":"","format":"standard","meta":{"om_disable_all_campaigns":false,"_monsterinsights_skip_tracking":false,"_monsterinsights_sitenote_active":false,"_monsterinsights_sitenote_note":"","_monsterinsights_sitenote_category":0,"footnotes":""},"categories":[41,70,69,32,22],"tags":[48,128,206,136],"class_list":["post-15530","post","type-post","status-publish","format-standard","has-post-thumbnail","hentry","category-araci","category-destaques","category-noticias2","category-regiao","category-seguranca","tag-araci","tag-disparo-de-arma-de-fogo","tag-homicidio","tag-sequestro"],"aioseo_notices":[],"_links":{"self":[{"href":"https:\/\/www.portalalerta.com.br\/index.php\/wp-json\/wp\/v2\/posts\/15530","targetHints":{"allow":["GET"]}}],"collection":[{"href":"https:\/\/www.portalalerta.com.br\/index.php\/wp-json\/wp\/v2\/posts"}],"about":[{"href":"https:\/\/www.portalalerta.com.br\/index.php\/wp-json\/wp\/v2\/types\/post"}],"author":[{"embeddable":true,"href":"https:\/\/www.portalalerta.com.br\/index.php\/wp-json\/wp\/v2\/users\/2"}],"replies":[{"embeddable":true,"href":"https:\/\/www.portalalerta.com.br\/index.php\/wp-json\/wp\/v2\/comments?post=15530"}],"version-history":[{"count":0,"href":"https:\/\/www.portalalerta.com.br\/index.php\/wp-json\/wp\/v2\/posts\/15530\/revisions"}],"wp:featuredmedia":[{"embeddable":true,"href":"https:\/\/www.portalalerta.com.br\/index.php\/wp-json\/wp\/v2\/media\/13354"}],"wp:attachment":[{"href":"https:\/\/www.portalalerta.com.br\/index.php\/wp-json\/wp\/v2\/media?parent=15530"}],"wp:term":[{"taxonomy":"category","embeddable":true,"href":"https:\/\/www.portalalerta.com.br\/index.php\/wp-json\/wp\/v2\/categories?post=15530"},{"taxonomy":"post_tag","embeddable":true,"href":"https:\/\/www.portalalerta.com.br\/index.php\/wp-json\/wp\/v2\/tags?post=15530"}],"curies":[{"name":"wp","href":"https:\/\/api.w.org\/{rel}","templated":true}]}}