{"id":15606,"date":"2019-03-26T18:23:49","date_gmt":"2019-03-26T21:23:49","guid":{"rendered":"http:\/\/www.portalalerta.com.br\/?p=15606"},"modified":"2019-03-26T18:23:49","modified_gmt":"2019-03-26T21:23:49","slug":"presidente-do-tj-ba-autoriza-volta-de-funcionamento-da-cadeia-de-euclides-da-cunha","status":"publish","type":"post","link":"https:\/\/www.portalalerta.com.br\/index.php\/2019\/03\/26\/presidente-do-tj-ba-autoriza-volta-de-funcionamento-da-cadeia-de-euclides-da-cunha\/","title":{"rendered":"Presidente do TJ-BA autoriza volta de funcionamento da cadeia de Euclides da Cunha"},"content":{"rendered":"<p style=\"text-align: justify;\">Decis\u00e3o do presidente do Tribunal de Justi\u00e7a da Bahia, Gesilvaldo Britto, autoriza a volta do funcionamento da carceragem de Euclides da Cunha-BA. O julgamento ocorreu na \u00faltima sexta-feira. As informa\u00e7\u00f5es s\u00e3o do site Bahia Not\u00edcias.<!--more--><\/p>\n<p style=\"text-align: justify;\"><em><img fetchpriority=\"high\" decoding=\"async\" class=\"size-full wp-image-2902 alignleft\" src=\"http:\/\/www.portalalerta.com.br\/wp-content\/uploads\/2017\/11\/elab-2.jpg\" alt=\"\" width=\"310\" height=\"200\" srcset=\"https:\/\/www.portalalerta.com.br\/wp-content\/uploads\/2017\/11\/elab-2.jpg 310w, https:\/\/www.portalalerta.com.br\/wp-content\/uploads\/2017\/11\/elab-2-226x146.jpg 226w, https:\/\/www.portalalerta.com.br\/wp-content\/uploads\/2017\/11\/elab-2-50x32.jpg 50w, https:\/\/www.portalalerta.com.br\/wp-content\/uploads\/2017\/11\/elab-2-116x75.jpg 116w\" sizes=\"(max-width: 310px) 100vw, 310px\" \/>Britto atendeu o recurso do governo do Estado que alegava \u201cgrave interfer\u00eancia na pol\u00edtica de seguran\u00e7a p\u00fablica do Estado\u201d da a\u00e7\u00e3o proposta pelo Minist\u00e9rio P\u00fablico do Estado, que culminou na interdi\u00e7\u00e3o do espa\u00e7o.<\/em><\/p>\n<p style=\"text-align: justify;\"><em>At\u00e9 ent\u00e3o, a carceragem ficava restrita a receber custodiados por at\u00e9 dois dias. A medida do MP acatada pela Justi\u00e7a local tamb\u00e9m cobrava reformas no ambiente por conta de problemas de insalubridade e seguran\u00e7a.<\/em><\/p>\n<p style=\"text-align: justify;\"><em>O Estado, por sua vez, tamb\u00e9m argumentou que a medida imposta pela Comarca de Euclides da Cunha colocava \u201crestri\u00e7\u00f5es \u00e0 gest\u00e3o do Sistema Prisional, bem como obriga o Estado da Bahia a realizar contrata\u00e7\u00f5es e compras sem qualquer previs\u00e3o no or\u00e7amento disciplinadas por conformidade legislativa\u201d.\u00a0<\/em><\/p>\n<p style=\"text-align: justify;\"><em>Fonte: R\u00e1dio Povo<\/em><\/p>\n<p style=\"text-align: justify;\"><em>Com informa\u00e7\u00f5es: euclidesdacunha.com.br<\/em><\/p>\n","protected":false},"excerpt":{"rendered":"<p>Decis\u00e3o do presidente do Tribunal de Justi\u00e7a da Bahia, Gesilvaldo Britto, autoriza a volta do funcionamento da carceragem de Euclides da Cunha-BA. O julgamento ocorreu na \u00faltima sexta-feira. As informa\u00e7\u00f5es s\u00e3o do site Bahia Not\u00edcias.<\/p>\n","protected":false},"author":2,"featured_media":15607,"comment_status":"open","ping_status":"open","sticky":false,"template":"","format":"standard","meta":{"om_disable_all_campaigns":false,"_monsterinsights_skip_tracking":false,"_monsterinsights_sitenote_active":false,"_monsterinsights_sitenote_note":"","_monsterinsights_sitenote_category":0,"footnotes":""},"categories":[33,70,17,69,32,22],"tags":[131,129,270,622],"class_list":["post-15606","post","type-post","status-publish","format-standard","has-post-thumbnail","hentry","category-bahia","category-destaques","category-euclides-da-cunha","category-noticias2","category-regiao","category-seguranca","tag-carceragem","tag-euclides-da-cunha","tag-justica","tag-tj-ba"],"aioseo_notices":[],"_links":{"self":[{"href":"https:\/\/www.portalalerta.com.br\/index.php\/wp-json\/wp\/v2\/posts\/15606","targetHints":{"allow":["GET"]}}],"collection":[{"href":"https:\/\/www.portalalerta.com.br\/index.php\/wp-json\/wp\/v2\/posts"}],"about":[{"href":"https:\/\/www.portalalerta.com.br\/index.php\/wp-json\/wp\/v2\/types\/post"}],"author":[{"embeddable":true,"href":"https:\/\/www.portalalerta.com.br\/index.php\/wp-json\/wp\/v2\/users\/2"}],"replies":[{"embeddable":true,"href":"https:\/\/www.portalalerta.com.br\/index.php\/wp-json\/wp\/v2\/comments?post=15606"}],"version-history":[{"count":0,"href":"https:\/\/www.portalalerta.com.br\/index.php\/wp-json\/wp\/v2\/posts\/15606\/revisions"}],"wp:featuredmedia":[{"embeddable":true,"href":"https:\/\/www.portalalerta.com.br\/index.php\/wp-json\/wp\/v2\/media\/15607"}],"wp:attachment":[{"href":"https:\/\/www.portalalerta.com.br\/index.php\/wp-json\/wp\/v2\/media?parent=15606"}],"wp:term":[{"taxonomy":"category","embeddable":true,"href":"https:\/\/www.portalalerta.com.br\/index.php\/wp-json\/wp\/v2\/categories?post=15606"},{"taxonomy":"post_tag","embeddable":true,"href":"https:\/\/www.portalalerta.com.br\/index.php\/wp-json\/wp\/v2\/tags?post=15606"}],"curies":[{"name":"wp","href":"https:\/\/api.w.org\/{rel}","templated":true}]}}