{"id":15944,"date":"2019-04-06T11:51:11","date_gmt":"2019-04-06T14:51:11","guid":{"rendered":"http:\/\/www.portalalerta.com.br\/?p=15944"},"modified":"2019-04-06T11:51:11","modified_gmt":"2019-04-06T14:51:11","slug":"sitio-do-quinto-ba-comunidade-jardim-em-estado-de-calamidade-publica-por-causa-da-chuva","status":"publish","type":"post","link":"https:\/\/www.portalalerta.com.br\/index.php\/2019\/04\/06\/sitio-do-quinto-ba-comunidade-jardim-em-estado-de-calamidade-publica-por-causa-da-chuva\/","title":{"rendered":"S\u00edtio do Quinto\/BA: Comunidade Jardim em estado de calamidade p\u00fablica por causa da chuva"},"content":{"rendered":"<p style=\"text-align: justify;\">As chuvas que vem caindo em nossa regi\u00e3o, caracterizada por ser agropecu\u00e1ria, traz, por um lado, a alegria e a esperan\u00e7a de uma regi\u00e3o seca, mas, por outro, vez em quando a tristeza de eventos de propor\u00e7\u00f5es inimagin\u00e1veis. Recentemente, por pouco, na Rua Velha de Pedro Alexandre\/BA, n\u00e3o aconteceu uma cat\u00e1strofe.\u00a0<!--more--><\/p>\n<p style=\"text-align: justify;\">Agora, a comunidade Jardim, do munic\u00edpio vizinho de S\u00edtio do Quinto BA, encontra-se em estado de calamidade em raz\u00e3o das chuvas na noite de quarta-feira, 03, inundou o povoado. Segundo relatos a correnteza da \u00e1gua da chuva chegou, em determinados pontos, a 2 metros de altura, inundando mais da metade das casas e, inclusive, derrubando quatro resid\u00eancias.<\/p>\n<p style=\"text-align: justify;\"><img fetchpriority=\"high\" decoding=\"async\" class=\"size-thumbnail wp-image-15254 aligncenter\" src=\"http:\/\/www.portalalerta.com.br\/wp-content\/uploads\/2019\/03\/Real-Estilo-e-Voc\u00ea-633x240.jpeg\" alt=\"\" width=\"633\" height=\"240\" srcset=\"https:\/\/www.portalalerta.com.br\/wp-content\/uploads\/2019\/03\/Real-Estilo-e-Voc\u00ea-633x240.jpeg 633w, https:\/\/www.portalalerta.com.br\/wp-content\/uploads\/2019\/03\/Real-Estilo-e-Voc\u00ea-260x99.jpeg 260w, https:\/\/www.portalalerta.com.br\/wp-content\/uploads\/2019\/03\/Real-Estilo-e-Voc\u00ea-50x19.jpeg 50w, https:\/\/www.portalalerta.com.br\/wp-content\/uploads\/2019\/03\/Real-Estilo-e-Voc\u00ea-150x57.jpeg 150w, https:\/\/www.portalalerta.com.br\/wp-content\/uploads\/2019\/03\/Real-Estilo-e-Voc\u00ea.jpeg 720w\" sizes=\"(max-width: 633px) 100vw, 633px\" \/>O quadro que se pinta \u00e9 realmente de preocupa\u00e7\u00e3o. As pessoas perderam m\u00f3veis, est\u00e3o sem alimentos e in\u00fameras campanhas j\u00e1 foram abertas, em Sitio do Quinto e cidades vizinhas para socorro imediato \u00e0 popula\u00e7\u00e3o de 40 (quarenta) fam\u00edlias que vivem no\u00a0local.<\/p>\n<p style=\"text-align: justify;\">Um v\u00eddeos circulando pelas\u00a0redes sociais, o Prefeito Jair, explicou a situa\u00e7\u00e3o: \u201c&#8230; estamos voltando do povoado Jardim onde presenciamos uma cat\u00e1strofe jamais vista por aquele povo&#8230; venho aqui pedir solidariedade para unirmos for\u00e7as para que juntos possamos ajudar aquele povo que precisa de tudo: \u00e1gua pot\u00e1vel, cobertores,\u00a0camas, alimento, tudo&#8230; situa\u00e7\u00f5es como essa s\u00f3 tinha visto em televis\u00e3o&#8230;\u201d.<\/p>\n<p style=\"text-align: justify;\">A Prefeitura colocou toda sua estrutura para atendimento da popula\u00e7\u00e3o; as Igrejas est\u00e3o empenhadas e a popula\u00e7\u00e3o mobilizada ajudando, com diversos pontos de recolhimento de doa\u00e7\u00f5es j\u00e1 estabelecidos.<\/p>\n<p style=\"text-align: justify;\">Em Jeremoabo-BA algumas pessoas tamb\u00e9m j\u00e1 recolhem donativos. Um dos pontos de arrecada\u00e7\u00e3o \u00e9 a Lan house localizada na rua de frente da Rodovi\u00e1ria.<\/p>\n<p style=\"text-align: justify;\"><em>Fonte: Jeremoabo.com.br \/ Imagens:\u00a0Facebook\u00a0do Prefeito Jair<\/em><\/p>\n","protected":false},"excerpt":{"rendered":"<p>As chuvas que vem caindo em nossa regi\u00e3o, caracterizada por ser agropecu\u00e1ria, traz, por um lado, a alegria e a esperan\u00e7a de uma regi\u00e3o seca, mas, por outro, vez em quando a tristeza de eventos de propor\u00e7\u00f5es inimagin\u00e1veis. Recentemente, por pouco, na Rua Velha de Pedro Alexandre\/BA, n\u00e3o aconteceu uma cat\u00e1strofe.\u00a0<\/p>\n","protected":false},"author":2,"featured_media":15945,"comment_status":"open","ping_status":"open","sticky":false,"template":"","format":"standard","meta":{"om_disable_all_campaigns":false,"_monsterinsights_skip_tracking":false,"_monsterinsights_sitenote_active":false,"_monsterinsights_sitenote_note":"","_monsterinsights_sitenote_category":0,"footnotes":""},"categories":[70,69,32,7],"tags":[569,1977,229],"class_list":["post-15944","post","type-post","status-publish","format-standard","has-post-thumbnail","hentry","category-destaques","category-noticias2","category-regiao","category-sitio-do-quinto","tag-chuva","tag-chuvas","tag-povoado"],"aioseo_notices":[],"_links":{"self":[{"href":"https:\/\/www.portalalerta.com.br\/index.php\/wp-json\/wp\/v2\/posts\/15944","targetHints":{"allow":["GET"]}}],"collection":[{"href":"https:\/\/www.portalalerta.com.br\/index.php\/wp-json\/wp\/v2\/posts"}],"about":[{"href":"https:\/\/www.portalalerta.com.br\/index.php\/wp-json\/wp\/v2\/types\/post"}],"author":[{"embeddable":true,"href":"https:\/\/www.portalalerta.com.br\/index.php\/wp-json\/wp\/v2\/users\/2"}],"replies":[{"embeddable":true,"href":"https:\/\/www.portalalerta.com.br\/index.php\/wp-json\/wp\/v2\/comments?post=15944"}],"version-history":[{"count":0,"href":"https:\/\/www.portalalerta.com.br\/index.php\/wp-json\/wp\/v2\/posts\/15944\/revisions"}],"wp:featuredmedia":[{"embeddable":true,"href":"https:\/\/www.portalalerta.com.br\/index.php\/wp-json\/wp\/v2\/media\/15945"}],"wp:attachment":[{"href":"https:\/\/www.portalalerta.com.br\/index.php\/wp-json\/wp\/v2\/media?parent=15944"}],"wp:term":[{"taxonomy":"category","embeddable":true,"href":"https:\/\/www.portalalerta.com.br\/index.php\/wp-json\/wp\/v2\/categories?post=15944"},{"taxonomy":"post_tag","embeddable":true,"href":"https:\/\/www.portalalerta.com.br\/index.php\/wp-json\/wp\/v2\/tags?post=15944"}],"curies":[{"name":"wp","href":"https:\/\/api.w.org\/{rel}","templated":true}]}}