{"id":15949,"date":"2019-04-08T12:30:56","date_gmt":"2019-04-08T15:30:56","guid":{"rendered":"http:\/\/www.portalalerta.com.br\/?p=15949"},"modified":"2019-04-08T12:45:26","modified_gmt":"2019-04-08T15:45:26","slug":"paulo-afonso-ba-suspeito-que-fez-ameaca-de-ataque-a-colegio-e-localizado-pela-pm","status":"publish","type":"post","link":"https:\/\/www.portalalerta.com.br\/index.php\/2019\/04\/08\/paulo-afonso-ba-suspeito-que-fez-ameaca-de-ataque-a-colegio-e-localizado-pela-pm\/","title":{"rendered":"Paulo Afonso-BA: Suspeito que fez amea\u00e7a de ataque \u00e0 col\u00e9gio \u00e9 localizado pela PM"},"content":{"rendered":"<p style=\"text-align: justify;\">A Pol\u00edcia Militar localizou na manh\u00e3 desta quinta-feira (04), o autor de um \u00e1udio que circulou nas redes sociais sobre um poss\u00edvel ataque ao Col\u00e9gio Estadual Carlina Barbosa de Deus em Paulo Afonso. A mensagem assustou pais, estudantes e professores.<!--more--><\/p>\n<p style=\"text-align: justify;\"><img fetchpriority=\"high\" decoding=\"async\" class=\"size-full wp-image-2902 alignleft\" src=\"http:\/\/www.portalalerta.com.br\/wp-content\/uploads\/2017\/11\/elab-2.jpg\" alt=\"\" width=\"310\" height=\"200\" srcset=\"https:\/\/www.portalalerta.com.br\/wp-content\/uploads\/2017\/11\/elab-2.jpg 310w, https:\/\/www.portalalerta.com.br\/wp-content\/uploads\/2017\/11\/elab-2-226x146.jpg 226w, https:\/\/www.portalalerta.com.br\/wp-content\/uploads\/2017\/11\/elab-2-50x32.jpg 50w, https:\/\/www.portalalerta.com.br\/wp-content\/uploads\/2017\/11\/elab-2-116x75.jpg 116w\" sizes=\"(max-width: 310px) 100vw, 310px\" \/>De acordo com boletim de ocorr\u00eancia, a intelig\u00eancia da Pol\u00edcia Militar recebeu den\u00fancias\u00a0sobre\u00a0um \u00e1udio, no qual dizia que mataria\u00a0alguns alunos da unidade escolar. Conforme a pol\u00edcia, a mensagem se espalhou rapidamente e causou p\u00e2nico na popula\u00e7\u00e3o.<\/p>\n<p style=\"text-align: justify;\">Ap\u00f3s investiga\u00e7\u00e3o, policiais militares localizaram o autor do \u00e1udio. \u00a0A pol\u00edcia informou que ele foi conduzido \u00e0 Delegacia de Pol\u00edcia Civil para as devidas provid\u00eancias.<\/p>\n<p style=\"text-align: justify;\">A Pol\u00edcia Militar informa \u00e0 popula\u00e7\u00e3o que den\u00fancias referentes a supostos atentados em escolas s\u00e3o\u00a0devidamente checadas.<\/p>\n<p style=\"text-align: justify;\"><em>Fonte: Chico Sabe Tudo<\/em><\/p>\n","protected":false},"excerpt":{"rendered":"<p>A Pol\u00edcia Militar localizou na manh\u00e3 desta quinta-feira (04), o autor de um \u00e1udio que circulou nas redes sociais sobre um poss\u00edvel ataque ao Col\u00e9gio Estadual Carlina Barbosa de Deus em Paulo Afonso. A mensagem assustou pais, estudantes e professores.<\/p>\n","protected":false},"author":2,"featured_media":15875,"comment_status":"open","ping_status":"open","sticky":false,"template":"","format":"standard","meta":{"om_disable_all_campaigns":false,"_monsterinsights_skip_tracking":false,"_monsterinsights_sitenote_active":false,"_monsterinsights_sitenote_note":"","_monsterinsights_sitenote_category":0,"footnotes":""},"categories":[33,70,69,22],"tags":[1966,2267,118,79],"class_list":["post-15949","post","type-post","status-publish","format-standard","has-post-thumbnail","hentry","category-bahia","category-destaques","category-noticias2","category-seguranca","tag-ameacas","tag-audios","tag-paulo-afonso","tag-policia-militar"],"aioseo_notices":[],"_links":{"self":[{"href":"https:\/\/www.portalalerta.com.br\/index.php\/wp-json\/wp\/v2\/posts\/15949","targetHints":{"allow":["GET"]}}],"collection":[{"href":"https:\/\/www.portalalerta.com.br\/index.php\/wp-json\/wp\/v2\/posts"}],"about":[{"href":"https:\/\/www.portalalerta.com.br\/index.php\/wp-json\/wp\/v2\/types\/post"}],"author":[{"embeddable":true,"href":"https:\/\/www.portalalerta.com.br\/index.php\/wp-json\/wp\/v2\/users\/2"}],"replies":[{"embeddable":true,"href":"https:\/\/www.portalalerta.com.br\/index.php\/wp-json\/wp\/v2\/comments?post=15949"}],"version-history":[{"count":0,"href":"https:\/\/www.portalalerta.com.br\/index.php\/wp-json\/wp\/v2\/posts\/15949\/revisions"}],"wp:featuredmedia":[{"embeddable":true,"href":"https:\/\/www.portalalerta.com.br\/index.php\/wp-json\/wp\/v2\/media\/15875"}],"wp:attachment":[{"href":"https:\/\/www.portalalerta.com.br\/index.php\/wp-json\/wp\/v2\/media?parent=15949"}],"wp:term":[{"taxonomy":"category","embeddable":true,"href":"https:\/\/www.portalalerta.com.br\/index.php\/wp-json\/wp\/v2\/categories?post=15949"},{"taxonomy":"post_tag","embeddable":true,"href":"https:\/\/www.portalalerta.com.br\/index.php\/wp-json\/wp\/v2\/tags?post=15949"}],"curies":[{"name":"wp","href":"https:\/\/api.w.org\/{rel}","templated":true}]}}