{"id":15953,"date":"2019-04-08T12:32:40","date_gmt":"2019-04-08T15:32:40","guid":{"rendered":"http:\/\/www.portalalerta.com.br\/?p=15953"},"modified":"2019-04-08T12:32:40","modified_gmt":"2019-04-08T15:32:40","slug":"vereador-de-euclides-da-cunha-ba-sofre-acidente-de-carro-em-tucano-ba","status":"publish","type":"post","link":"https:\/\/www.portalalerta.com.br\/index.php\/2019\/04\/08\/vereador-de-euclides-da-cunha-ba-sofre-acidente-de-carro-em-tucano-ba\/","title":{"rendered":"Vereador de Euclides da Cunha-BA sofre acidente de carro em Tucano-BA"},"content":{"rendered":"<p style=\"text-align: justify;\">Na tarde desta sexta-feira (05), o vereador Jos\u00e9 Humberto de Jesus, popular Mergulho (PDT), sofreu um acidente de carro pr\u00f3ximo a Caldas do Jorro, em Tucano-BA. Ele foi atendido no Hospital Mariana Penedo, no referido munic\u00edpio, e passa bem.<!--more--><\/p>\n<p style=\"text-align: justify;\"><img fetchpriority=\"high\" decoding=\"async\" class=\"size-full wp-image-2867 aligncenter\" src=\"http:\/\/www.portalalerta.com.br\/wp-content\/uploads\/2017\/11\/protege-1.jpg\" alt=\"\" width=\"600\" height=\"140\" \/>Segundo informa\u00e7\u00f5es policiais, o carro capotou e teve diversas avarias, mas nenhum ocupante ficou em estado grave. O prefeito de Euclides da Cunha, Luciano Pinheiro (PDT) esteve na unidade hospitalar para conversar com o parlamentar. Eles agradeceram aos profissionais de sa\u00fade pelo atendimento.<\/p>\n<p style=\"text-align: justify;\"><em>Fonte: A Voz do Campo<\/em><\/p>\n","protected":false},"excerpt":{"rendered":"<p>Na tarde desta sexta-feira (05), o vereador Jos\u00e9 Humberto de Jesus, popular Mergulho (PDT), sofreu um acidente de carro pr\u00f3ximo a Caldas do Jorro, em Tucano-BA. Ele foi atendido no Hospital Mariana Penedo, no referido munic\u00edpio, e passa bem.<\/p>\n","protected":false},"author":2,"featured_media":15954,"comment_status":"open","ping_status":"open","sticky":false,"template":"","format":"standard","meta":{"om_disable_all_campaigns":false,"_monsterinsights_skip_tracking":false,"_monsterinsights_sitenote_active":false,"_monsterinsights_sitenote_note":"","_monsterinsights_sitenote_category":0,"footnotes":""},"categories":[70,17,69,21,32,12],"tags":[166,289,129,299,190,80],"class_list":["post-15953","post","type-post","status-publish","format-standard","has-post-thumbnail","hentry","category-destaques","category-euclides-da-cunha","category-noticias2","category-politica","category-regiao","category-tucano","tag-acidente","tag-br-116","tag-euclides-da-cunha","tag-ferido","tag-tucano","tag-vereador"],"aioseo_notices":[],"_links":{"self":[{"href":"https:\/\/www.portalalerta.com.br\/index.php\/wp-json\/wp\/v2\/posts\/15953","targetHints":{"allow":["GET"]}}],"collection":[{"href":"https:\/\/www.portalalerta.com.br\/index.php\/wp-json\/wp\/v2\/posts"}],"about":[{"href":"https:\/\/www.portalalerta.com.br\/index.php\/wp-json\/wp\/v2\/types\/post"}],"author":[{"embeddable":true,"href":"https:\/\/www.portalalerta.com.br\/index.php\/wp-json\/wp\/v2\/users\/2"}],"replies":[{"embeddable":true,"href":"https:\/\/www.portalalerta.com.br\/index.php\/wp-json\/wp\/v2\/comments?post=15953"}],"version-history":[{"count":0,"href":"https:\/\/www.portalalerta.com.br\/index.php\/wp-json\/wp\/v2\/posts\/15953\/revisions"}],"wp:featuredmedia":[{"embeddable":true,"href":"https:\/\/www.portalalerta.com.br\/index.php\/wp-json\/wp\/v2\/media\/15954"}],"wp:attachment":[{"href":"https:\/\/www.portalalerta.com.br\/index.php\/wp-json\/wp\/v2\/media?parent=15953"}],"wp:term":[{"taxonomy":"category","embeddable":true,"href":"https:\/\/www.portalalerta.com.br\/index.php\/wp-json\/wp\/v2\/categories?post=15953"},{"taxonomy":"post_tag","embeddable":true,"href":"https:\/\/www.portalalerta.com.br\/index.php\/wp-json\/wp\/v2\/tags?post=15953"}],"curies":[{"name":"wp","href":"https:\/\/api.w.org\/{rel}","templated":true}]}}